{"id":796,"date":"2014-12-03T17:56:00","date_gmt":"2014-12-03T17:56:00","guid":{"rendered":""},"modified":"-0001-11-30T00:00:00","modified_gmt":"-0001-11-29T22:00:00","slug":"","status":"publish","type":"post","link":"http:\/\/www.chapelle-crecy.com\/?p=796","title":{"rendered":"Le site \u00ab\u00a0F\u00eater No\u00ebl\u00a0\u00bb met No\u00ebl en lumi\u00e8re"},"content":{"rendered":"<div align=\"justify\">Lanc\u00e9 le 5 novembre 2014, le site F\u00eater No\u00f6l, accessible \u00e0\u00a0 l&rsquo;adresse [noel.catholique.fr->noel.catholique.fr], fait partager largement sur la Toile la joie offerte \u00e0\u00a0 No\u00f6l : la naissance de J\u00e9sus, la paix et la lumi\u00e8re pour tous.<\/p>\n<p>A travers [une vingtaine->http:\/\/noel.catholique.fr\/questions\/quelles-recettes-pour-le-repas-de-noel\/] de questions, il met en lumi\u00e8re les traditions de No\u00f6l et en fait red\u00e9couvrir le sens. Du [sapin->http:\/\/noel.catholique.fr\/questions\/dou-vient-le-sapin-de-noel\/\u00b0, aux [d\u00e9corations->http:\/\/noel.catholique.fr\/questions\/pourquoi-des-decorations-a-noel\/] en passant par [la cr\u00e8che->http:\/\/noel.catholique.fr\/questions\/pourquoi-et-comment-fait-on-une-creche\/] ou les [recettes->http:\/\/noel.catholique.fr\/questions\/quelles-recettes-pour-le-repas-de-noel\/], le site passe en revue toutes les facettes de No\u00f6l en partant des centres d&rsquo;int\u00e9r\u00eat des internautes.<\/p><\/div>\n<div align=\"justify\">\nChacun est invit\u00e9 \u00e0 un parcours selon la forme qui le touche : article, pri\u00e8re, chant, vid\u00e9o, t\u00e9moignage. Les r\u00e9ponses \u00ab mutifacettes \u00bb permettent de red\u00e9couvrir ce qui fait de No\u00ebl une f\u00eate.<\/p>\n<p> Illuminer la Toile de la lumi\u00e8re de No\u00ebl<\/p>\n<p> Pour rejoindre largement les internautes l\u00e0 o\u00f9 ils sont sur la Toile, le site F\u00eater No\u00ebl s&rsquo;invite sur les r\u00e9seaux sociaux et sur les sites de partage de vid\u00e9os :<\/p>\n<p>&#8211;    une page F\u00eater No\u00ebl sur [facebook->https:\/\/www.facebook.com\/feter.noel.catholique] met chaque jour en avant l&rsquo;une des questions du site, \u00e0 l&rsquo;image d&rsquo;un calendrier de l&rsquo;Avent.<br \/>\n&#8211;    des [mini-vid\u00e9os->https:\/\/www.youtube.com\/channel\/UC7X63k_dje1fjNMa1H6wsLw] de douze secondes r\u00e9alis\u00e9es par Revival Prod sont propos\u00e9es en ouverture publicitaire de vid\u00e9os sur YouTube.<\/p>\n<p> Tous les sites qui le souhaitent peuvent se mettre aux couleurs de No\u00ebl : l&rsquo;ensemble des questions sont int\u00e9grables tr\u00e8s facilement sur un autre site ([widget et flux RSS->http:\/\/noel.catholique.fr\/vos-sites\/]).<\/p>\n<p> F\u00eater No\u00ebl a \u00e9t\u00e9 con\u00e7u pour \u00eatre accessible sur tablettes et smartphones afin de permettre aux internautes de le consulter en mobilit\u00e9.<\/p>\n<p> Ce projet port\u00e9 par le Comit\u00e9 d&rsquo;orientation internet de la Conf\u00e9rence des \u00e9v\u00eaques de France a \u00e9t\u00e9 \u00e9labor\u00e9 par ses diff\u00e9rents services en lien avec plusieurs dioc\u00e8ses, des congr\u00e9gations et des mouvements et associations. Plus de quarante personnes ont particip\u00e9 \u00e0 la r\u00e9daction des articles et des pri\u00e8res.<\/p>\n<p> Il y a un an naissait le site [Rencontrer J\u00e9sus->http:\/\/jesus.catholique.fr\/]<\/p>\n<p> Le site F\u00eater No\u00ebl est en lien avec le site [Rencontrer J\u00e9sus->http:\/\/jesus.catholique.fr\/] lanc\u00e9 en novembre 2013 pour partager tr\u00e8s largement la beaut\u00e9 de la rencontre avec J\u00e9sus. Il propose plus de trente questions sur J\u00e9sus et a enregistr\u00e9 pr\u00e8s de 160 000 visites. Parmi les questions les plus lues : \u00ab [Qui est J\u00e9sus pour les Chr\u00e9tiens->http:\/\/jesus.catholique.fr\/questions\/qui-est-jesus-pour-les-chretiens\/] ? \u00bb, \u00ab [Comment J\u00e9sus nous sauve-t-il->http:\/\/jesus.catholique.fr\/questions\/comment-jesus-nous-sauve-t-il\/] ? \u00bb ou \u00ab [J\u00e9sus a-t-il vraiment exist\u00e9->http:\/\/jesus.catholique.fr\/questions\/jesus-a-t-il-vraiment-existe\/] \u00bb. Une semaine apr\u00e8s son lancement le site est apparu sur la premi\u00e8re page de Google.<\/p><\/div>\n","protected":false},"excerpt":{"rendered":"<p>Lanc\u00e9 le 5 novembre 2014, le site F\u00eater No\u00f6l, accessible \u00e0\u00a0 l&rsquo;adresse [noel.catholique.fr->noel.catholique.fr], fait partager largement sur la Toile la joie offerte \u00e0\u00a0 No\u00f6l : la naissance de J\u00e9sus, la paix et la lumi\u00e8re&#46;&#46;&#46;<\/p>\n","protected":false},"author":2,"featured_media":0,"comment_status":"open","ping_status":"open","sticky":false,"template":"","format":"standard","meta":{"footnotes":""},"categories":[],"tags":[],"class_list":["post-796","post","type-post","status-publish","format-standard","hentry"],"_links":{"self":[{"href":"http:\/\/www.chapelle-crecy.com\/index.php?rest_route=\/wp\/v2\/posts\/796","targetHints":{"allow":["GET"]}}],"collection":[{"href":"http:\/\/www.chapelle-crecy.com\/index.php?rest_route=\/wp\/v2\/posts"}],"about":[{"href":"http:\/\/www.chapelle-crecy.com\/index.php?rest_route=\/wp\/v2\/types\/post"}],"author":[{"embeddable":true,"href":"http:\/\/www.chapelle-crecy.com\/index.php?rest_route=\/wp\/v2\/users\/2"}],"replies":[{"embeddable":true,"href":"http:\/\/www.chapelle-crecy.com\/index.php?rest_route=%2Fwp%2Fv2%2Fcomments&post=796"}],"version-history":[{"count":0,"href":"http:\/\/www.chapelle-crecy.com\/index.php?rest_route=\/wp\/v2\/posts\/796\/revisions"}],"wp:attachment":[{"href":"http:\/\/www.chapelle-crecy.com\/index.php?rest_route=%2Fwp%2Fv2%2Fmedia&parent=796"}],"wp:term":[{"taxonomy":"category","embeddable":true,"href":"http:\/\/www.chapelle-crecy.com\/index.php?rest_route=%2Fwp%2Fv2%2Fcategories&post=796"},{"taxonomy":"post_tag","embeddable":true,"href":"http:\/\/www.chapelle-crecy.com\/index.php?rest_route=%2Fwp%2Fv2%2Ftags&post=796"}],"curies":[{"name":"wp","href":"https:\/\/api.w.org\/{rel}","templated":true}]}}