{"id":797,"date":"2014-11-29T10:56:30","date_gmt":"2014-11-29T10:56:30","guid":{"rendered":""},"modified":"-0001-11-30T00:00:00","modified_gmt":"-0001-11-29T22:00:00","slug":"","status":"publish","type":"post","link":"http:\/\/www.chapelle-crecy.com\/?p=797","title":{"rendered":"Pr\u00e9parons notre coeur \u00e0\u00a0 la f\u00eate de l&rsquo;Immacul\u00e9e Conception"},"content":{"rendered":"<div align=\"justify\">\u00ab Que votre parole soit \u00ab\u00a0oui\u00a0\u00bb, si c&rsquo;est \u00ab\u00a0oui\u00a0\u00bb \u00bb (Mt 5,37)<br \/>\nSouvent notre oui est un demi-oui, il est un \u00ab\u00a0oui-peut-\u00eatre\u00a0\u00bb ou un \u00ab\u00a0oui-mais-non\u00a0\u00bb. Quand avons-nous vraiment dit oui pour la derni\u00e8re fois ?<br \/>\nLe 8 d\u00e9cembre, c&rsquo;est la f\u00eate de l&rsquo;Immacul\u00e9e Conception. Celle qui a \u00e9t\u00e9 con\u00e7ue sans p\u00e9ch\u00e9 nous a montr\u00e9 le chemin vers Dieu, par son \u00ab\u00a0oui\u00a0\u00bb. 3 amies, Amicie, Priscille, et Agathe, [vous invitent \u00e0\u00a0 suivre Marie pendant 9 jours->http:\/\/hozana.org\/intention\/1088?&#038;utm_source=BDD_FPE&#038;utm_medium=mailing&#038;utm_content=20141124&#038;utm_campaign=ouiavecmarie], dans les \u00ab\u00a0oui\u00a0\u00bb de sa vie, pour apprendre \u00e0\u00a0 dire oui \u00e0\u00a0 notre tour au Seigneur.<br \/>\nD\u00e9couvrez aussi sur la page de la neuvaine la belle vid\u00e9o de \u00ab\u00a0[Mary did you know?->https:\/\/www.youtube.com\/watch?v=ifCWN5pJGIE#t=16]\u00a0\u00bb, chant\u00e9e a capella par le groupe Pentatonix : 10 millions de vues pour un chant \u00e0\u00a0 Marie, \u00e7a fait plaisir !<\/p>\n<p>Ainsi, apr\u00e8s avoir pri\u00e9 et chant\u00e9, nous serons pr\u00eats \u00e0\u00a0 c\u00e9l\u00e9brer la Vierge Marie, le lundi 8 d\u00e9cembre \u00e0\u00a0 10h30 \u00e0\u00a0 la cath\u00e9drale de Meaux, en pr\u00e9sence de Mgr Andr\u00e9 Vingt-Trois. En effet, en cette ann\u00e9e 2014, la f\u00eate de l&rsquo;Immacul\u00e9e Conception en Seine-et-Marne rev\u00eat un caract\u00e8re tout particulier &#8230;<\/p><\/div>\n<div align=\"justify\">En souvenir du voeu que fit Mgr Marbeau, \u00e9v\u00eaque de Meaux, en 1914,  Mgr Nahmias souhaite renouveler cette reconnaissance \u00e0 la Vierge Marie : la f\u00eate de l&rsquo;Immacul\u00e9e Conception sera c\u00e9l\u00e9br\u00e9e solennellement \u00e0 la cath\u00e9drale de Meaux.<\/p>\n<p> En 1914, Mgr Marbeau fit conna \u00eetre \u00e0 son peuple dioc\u00e9sain le voeu qu&rsquo;il fit de c\u00e9l\u00e9brer avec un particulier \u00e9clat la f\u00eate de l&rsquo;Immacul\u00e9e Conception, si la ville de Meaux \u00e9tait \u00e9pargn\u00e9e. Le 8 septembre 1914, au plus fort de la bataille de l&rsquo;Ourcq, Mgr Marbeau recommanda la ville de Meaux \u00e0 la protection de la Vierge Marie &#8230; ce jour-l\u00e0, les Allemands recul\u00e8rent. Mgr Marbeau vit dans ce recul &lsquo;un signe de la protection de la Tr\u00e8s Sainte Vierge, [&#8230; ]elle n&rsquo;\u00e9tait pas insensible \u00e0 l&rsquo;appel de ses enfants.&rsquo;.<\/p>\n<p> Le Cardinal Andr\u00e9 Vingt-Trois pr\u00e9sidera la messe \u00e0 10 h 30 &#8211; le lundi 8 d\u00e9cembre 2014 &#8211; en pr\u00e9sence de plusieurs \u00e9v\u00eaques, de personnalit\u00e9s civiles, religieuses et militaires.<\/p>\n<p>A l&rsquo;issue de la c\u00e9l\u00e9bration, une procession se rendra au square Emmanuel Marbeau, avec la participation de Jean-Fran\u00e7ois Cop\u00e9, maire de Meaux.<\/p>\n<p> Vous \u00eates tous chaleureusement invit\u00e9s \u00e0 assister \u00e0 cette c\u00e9r\u00e9monie en l&rsquo;honneur de la Vierge Marie, Reine de la Paix, et \u00e0 prier pour que la paix triomphe dans le monde, dans l&rsquo;Eglise, dans nos soci\u00e9t\u00e9s, nos cit\u00e9s, nos familles.<br \/>\nQue la M\u00e8re du Prince de la Paix fasse de chacun de nous des artisans de Paix !!<\/p>\n<p> VENEZ NOMBREUX !<br \/>\n NB : La cath\u00e9drale n&rsquo;est pas chauff\u00e9e, pensez \u00e0 vous couvrir &#8230;<\/p>\n<div align=\"center\"><img decoding=\"async\" src=\"\/IMG\/jpg\/Vierge-Marie-1.jpg\" width=400><\/div>\n<div align=\"center\">Neuvaine \u00e0 l&rsquo;Immacul\u00e9e conception<br \/>\ndu 30 novembre au 8 d\u00e9cembre<br \/>\nb\u00e9nie et encourag\u00e9e par S. S. le Pape<\/div>\n<p> Une dizaine de chapelet chaque jour, suivie de 3 fois l&rsquo;invocation :<br \/>\n \u00ab  Marie con\u00e7ue sans p\u00e9ch\u00e9, priez pour nous qui avons recours \u00e0 Vous. \u00bb<br \/>\n Une communion le jour du 8 d\u00e9cembre ou un jour de l&rsquo;octave.<br \/>\n&#8211; Confession recommand\u00e9e.<\/p>\n<p> PRI\u00c3\u02c6RE<br \/>\n  Marie, Vierge Immacul\u00e9e, avec la Sainte Famille, foyer d&rsquo;amour, nous vous prions d&rsquo;apporter l&rsquo;Esp\u00e9rance aux couples menac\u00e9s par la d\u00e9sunion, aux parents isol\u00e9s ou en d\u00e9tresse, aux enfants priv\u00e9s d&rsquo;\u00e9ducation et de tendresse. Secourez les familles \u00e9prouv\u00e9es par la guerre, la mis\u00e8re ou la maladie.<br \/>\nM\u00e8re tr\u00e8s aimante de J\u00e9sus, entourez chaque famille de votre affection maternelle pour qu&rsquo;elle soit<br \/>\nun lieu de pri\u00e8re, de partage, de service et de joie, une voie privil\u00e9gi\u00e9e d&rsquo;\u00e9vang\u00e9lisation et un signe visible de la Mis\u00e9ricorde divine.<br \/>\n Marie, Fille du Tr\u00e8s-Haut aidez-nous \u00e0 vivre sous la conduite de l&rsquo;Esprit-Saint, dans la communion des coeurs, le respect mutuel, la g\u00e9n\u00e9rosit\u00e9, la fid\u00e9lit\u00e9 aux engagements et la confiance dans la vie.<br \/>\n Avec Saint Joseph votre \u00e9poux, donnez \u00e0 chaque membre de nos familles de t\u00e9moigner de la beaut\u00e9 du mariage, d&rsquo;exprimer sa Foi de fa\u00e7on concr\u00e8te et d&rsquo;accomplir la volont\u00e9 du P\u00e8re.<br \/>\n Amen.<\/p>\n<\/div>\n","protected":false},"excerpt":{"rendered":"<p>\u00ab Que votre parole soit \u00ab\u00a0oui\u00a0\u00bb, si c&rsquo;est \u00ab\u00a0oui\u00a0\u00bb \u00bb (Mt 5,37) Souvent notre oui est un demi-oui, il est un \u00ab\u00a0oui-peut-\u00eatre\u00a0\u00bb ou un \u00ab\u00a0oui-mais-non\u00a0\u00bb. Quand avons-nous vraiment dit oui pour la derni\u00e8re fois&#46;&#46;&#46;<\/p>\n","protected":false},"author":2,"featured_media":0,"comment_status":"open","ping_status":"open","sticky":false,"template":"","format":"standard","meta":{"footnotes":""},"categories":[],"tags":[],"class_list":["post-797","post","type-post","status-publish","format-standard","hentry"],"_links":{"self":[{"href":"http:\/\/www.chapelle-crecy.com\/index.php?rest_route=\/wp\/v2\/posts\/797","targetHints":{"allow":["GET"]}}],"collection":[{"href":"http:\/\/www.chapelle-crecy.com\/index.php?rest_route=\/wp\/v2\/posts"}],"about":[{"href":"http:\/\/www.chapelle-crecy.com\/index.php?rest_route=\/wp\/v2\/types\/post"}],"author":[{"embeddable":true,"href":"http:\/\/www.chapelle-crecy.com\/index.php?rest_route=\/wp\/v2\/users\/2"}],"replies":[{"embeddable":true,"href":"http:\/\/www.chapelle-crecy.com\/index.php?rest_route=%2Fwp%2Fv2%2Fcomments&post=797"}],"version-history":[{"count":0,"href":"http:\/\/www.chapelle-crecy.com\/index.php?rest_route=\/wp\/v2\/posts\/797\/revisions"}],"wp:attachment":[{"href":"http:\/\/www.chapelle-crecy.com\/index.php?rest_route=%2Fwp%2Fv2%2Fmedia&parent=797"}],"wp:term":[{"taxonomy":"category","embeddable":true,"href":"http:\/\/www.chapelle-crecy.com\/index.php?rest_route=%2Fwp%2Fv2%2Fcategories&post=797"},{"taxonomy":"post_tag","embeddable":true,"href":"http:\/\/www.chapelle-crecy.com\/index.php?rest_route=%2Fwp%2Fv2%2Ftags&post=797"}],"curies":[{"name":"wp","href":"https:\/\/api.w.org\/{rel}","templated":true}]}}