{"id":798,"date":"2014-11-30T07:49:00","date_gmt":"2014-11-30T07:49:00","guid":{"rendered":""},"modified":"-0001-11-30T00:00:00","modified_gmt":"-0001-11-29T22:00:00","slug":"","status":"publish","type":"post","link":"http:\/\/www.chapelle-crecy.com\/?p=798","title":{"rendered":"La campagne de No\u00ebl 2014 \u00c2\u00ab 10 millions d&rsquo;\u00e9toiles \u00c2\u00bb du Secours Catholique"},"content":{"rendered":"<div align=\"justify\">Aujourd&rsquo;hui, c&rsquo;est le premier dimanche de l&rsquo;Avent. Depuis hier, se tenait sur la place du March\u00e9 \u00e0\u00a0 Cr\u00e9cy, le traditionnel et tr\u00e8s beau march\u00e9 de l&rsquo;Avent. Mais, qu&rsquo;est-ce que l&rsquo;Avent?<br \/>\nLe temps de l&rsquo;Avent (du latin adventus, \u00ab venue, av\u00e8nement \u00bb). s&rsquo;ouvre le [4e dimanche pr\u00e9c\u00e9dant No\u00f6l->http:\/\/hozana.org\/intention\/1100?&#038;utm_source=BDD_FPE&#038;utm_medium=mailing&#038;utm_content=20141124&#038;utm_campaign=avent2014], cette ann\u00e9e le 30 novembre. L'[Avent->http:\/\/www.eglise.catholique.fr\/approfondir-sa-foi\/la-celebration-de-la-foi\/les-grandes-fetes-chretiennes\/noel\/369326-le-sens-de-lavent\/] est la p\u00e9riode durant laquelle les fid\u00e8les se pr\u00e9parent \u00e0\u00a0 c\u00e9l\u00e9brer simultan\u00e9ment la venue du Christ \u00e0\u00a0 Bethl\u00e9em il y a deux mille ans, sa venue dans le coeur des hommes de tout temps et son av\u00e8nement dans la gloire \u00e0\u00a0 la fin des temps : \u00ab Il est venu, Il vient, Il reviendra ! \u00bb.<br \/>\nL&rsquo;Avent est donc cette p\u00e9riode durant laquelle tout le monde se pr\u00e9pare \u00e0\u00a0 c\u00e9l\u00e9brer No\u00f6l. Les gens s&rsquo;activent dans leurs achats, mais il y a aussi une pr\u00e9paration int\u00e9rieure qu&rsquo;il ne faut pas n\u00e9gliger.<br \/>\nAlors, non loin de la place du march\u00e9, devant la vitrine du nouveau local du Secours Catholique, vous avez certainement aper\u00e7u des b\u00e9n\u00e9voles qui vous proposaient des petites bougies de No\u00f6l \u00e0\u00a0 l&rsquo;effigie du Secours Catholique. <\/p>\n<div align=\"center\"><a href=\"http:\/\/www.secours-catholique.org\/10-millions-etoiles\/?utm_source=web&#038;utm_medium=banniere&#038;utm_term=10Millions&#038;utm_content=300&#038;utm_campaign=etoiles2011\" target=\"_blank\"><img loading=\"lazy\" decoding=\"async\" src=\"http:\/\/www.secours-catholique.org\/IMG\/gif\/10m2011-300.gif\" width=\"300\" height=\"250\" border=\"0\" alt=\"10 Millions d'\u00e9toiles du Secours-Catholique\"><\/div>\n<\/div>\n<p>Mais de quoi s&rsquo;agit-il exactement?<\/p><\/div>\n<p> Les membres de l&rsquo;\u00e9quipe du Secours Catholique de Cr\u00e9cy-la-Chapelle, apr\u00e8s s&rsquo;\u00eatre install\u00e9 devant le nouveau local du Secours Catholique de Cr\u00e9cy ce 29 novembre, se tiendront \u00e0 la sortie des \u00e9glises du secteur pour vous proposer les traditionnels lumignons du Secours Catholique qui illumineront vos fen\u00eatres le soir de No\u00ebl et votre table de f\u00eate.<br \/>\n Alain et sa dynamique \u00e9quipe seront pr\u00e9sents aux messes suivantes :<br \/>\n&#8211;  Samedi 6 d\u00e9cembre \u00e0 Villiers office de 18h30<br \/>\n&#8211;  Dimanche 7 d\u00e9cembre \u00e0 Cr\u00e9cy office de 10h30<br \/>\n&#8211;  Samedi 20 d\u00e9cembre \u00e0 Voulangis office de 18h30<br \/>\n&#8211;  Dimanche 21 d\u00e9cembre \u00e0 Cr\u00e9cy office de 10h30<br \/>\n&#8211;  Mercredi 24 \u00ab Messe de No\u00ebl \u00bb \u00e0 Cr\u00e9cy 20h30<br \/>\n En \u00e9change de vos offrandes, nous vous donnerons les traditionnelles petites bougies de No\u00ebl, mais aussi plein de sympathiques objets.<br \/>\nMais \u00e0 quoi cela sert-il ?<br \/>\n Vous permettrez \u00e0 l&rsquo;\u00e9quipe de Cr\u00e9cy la Chapelle de mener des projets concrets pour donner un nouveau d\u00e9part \u00e0 des personnes en difficult\u00e9s de Cr\u00e9cy la Chapelle, mais aussi des communes voisines :<br \/>\n Bouleurs  &#8211; Coulommes  &#8211; Coutevroult   -Dammartin sur Tigeaux  Gu\u00e9rard &#8211; La Haute Maison  &#8211; Maisoncelles en Brie-Mortcerf &#8211; Sancy l\u00e8s Meaux Tigeaux  &#8211; Vaucourtois  Voulangis &#8211; Villiers sur Morin<\/p>\n<p> <a href=\"http:\/\/www.secours-catholique.org\/10-millions-etoiles\/?utm_source=web&#038;utm_medium=banniere&#038;utm_term=10Millions&#038;utm_content=670&#038;utm_campaign=etoiles2011\" target=\"_blank\"><img loading=\"lazy\" decoding=\"async\" src=\"http:\/\/www.secours-catholique.org\/IMG\/gif\/10m2011-728.gif\" width=\"600\" height=\"90\" border=\"0\" alt=\"10 Millions d'\u00e9toiles du Secours-Catholique\"><\/a><\/p>\n<p> Depuis le d\u00e9m\u00e9nagement de notre local sur la Place du March\u00e9 nos action sont men\u00e9es par une \u00e9quipe \u00e9largie de 28 b\u00e9n\u00e9voles actifs dans la luttes contre la solitude, contre le d\u00e9sespoir de beaucoup de  personne seul mais aussi des familles<br \/>\nMerci beaucoup pour votre g\u00e9n\u00e9rosit\u00e9 qui ne faiblit pas.<br \/>\n Alain Legeay<br \/>\n Responsable antenne Secours Catholique de Cr\u00e9cy<\/p>\n","protected":false},"excerpt":{"rendered":"<p>Aujourd&rsquo;hui, c&rsquo;est le premier dimanche de l&rsquo;Avent. Depuis hier, se tenait sur la place du March\u00e9 \u00e0\u00a0 Cr\u00e9cy, le traditionnel et tr\u00e8s beau march\u00e9 de l&rsquo;Avent. Mais, qu&rsquo;est-ce que l&rsquo;Avent? Le temps de l&rsquo;Avent&#46;&#46;&#46;<\/p>\n","protected":false},"author":2,"featured_media":0,"comment_status":"open","ping_status":"open","sticky":false,"template":"","format":"standard","meta":{"footnotes":""},"categories":[],"tags":[],"class_list":["post-798","post","type-post","status-publish","format-standard","hentry"],"_links":{"self":[{"href":"http:\/\/www.chapelle-crecy.com\/index.php?rest_route=\/wp\/v2\/posts\/798","targetHints":{"allow":["GET"]}}],"collection":[{"href":"http:\/\/www.chapelle-crecy.com\/index.php?rest_route=\/wp\/v2\/posts"}],"about":[{"href":"http:\/\/www.chapelle-crecy.com\/index.php?rest_route=\/wp\/v2\/types\/post"}],"author":[{"embeddable":true,"href":"http:\/\/www.chapelle-crecy.com\/index.php?rest_route=\/wp\/v2\/users\/2"}],"replies":[{"embeddable":true,"href":"http:\/\/www.chapelle-crecy.com\/index.php?rest_route=%2Fwp%2Fv2%2Fcomments&post=798"}],"version-history":[{"count":0,"href":"http:\/\/www.chapelle-crecy.com\/index.php?rest_route=\/wp\/v2\/posts\/798\/revisions"}],"wp:attachment":[{"href":"http:\/\/www.chapelle-crecy.com\/index.php?rest_route=%2Fwp%2Fv2%2Fmedia&parent=798"}],"wp:term":[{"taxonomy":"category","embeddable":true,"href":"http:\/\/www.chapelle-crecy.com\/index.php?rest_route=%2Fwp%2Fv2%2Fcategories&post=798"},{"taxonomy":"post_tag","embeddable":true,"href":"http:\/\/www.chapelle-crecy.com\/index.php?rest_route=%2Fwp%2Fv2%2Ftags&post=798"}],"curies":[{"name":"wp","href":"https:\/\/api.w.org\/{rel}","templated":true}]}}