{"id":799,"date":"2014-11-30T18:28:00","date_gmt":"2014-11-30T18:28:00","guid":{"rendered":""},"modified":"-0001-11-30T00:00:00","modified_gmt":"-0001-11-29T22:00:00","slug":"","status":"publish","type":"post","link":"http:\/\/www.chapelle-crecy.com\/?p=799","title":{"rendered":"Annonces de la semaine du 1er au 7 d\u00e9cembre 2014"},"content":{"rendered":"<table bgcolor =\"F0FAFF\" border=0>\n<tbody>\n<tr>\n<td>\n<div align=\"justify\">\n<div \"749\">Voici les annonces de la p\u00e9riode du lundi  1er au dimanche 7 d\u00e9cembre 2014 pour la paroisse des 3 clochers Cr\u00e9cy-la-Chapelle, Villiers-sur-Morin, Voulangis. <\/p>\n<p>Samedi 6 \u00e0\u00a0 18 h 30, messe \u00e0\u00a0 Villiers<br \/>\nDimanche 7 \u00e0\u00a0 10 h 30, messe \u00e0\u00a0 Cr\u00e9cy <\/p>\n<p>Retrouvez tous les d\u00e9tails dans la suite &#8230;<\/p><\/div>\n<\/div>\n<\/td>\n<\/tr>\n<\/tbody>\n<\/table>\n<table bgcolor =\"F0F6FF\" border=0>\n<tbody>\n<tr>\n<td width=\"25%\"><font color=\"00CC00\">Lundi 1er d\u00e9cembre<\/font><\/td>\n<td><font color=\"00CC00\">14 h 30  R\u00e9union de l&rsquo;Equipe du Rosaire chez madame LOUIS.<br \/>\n17 h &#8211; C\u00e9l\u00e9bration \u00e0 la Maison de Retraite.<\/font>\n<\/td>\n<td><font color=\"00CC00\"><img decoding=\"async\" src=\"\/IMG\/jpg\/MR_Crecy.jpg\" width=150><\/font><\/td>\n<\/tr>\n<tr>\n<td><font color=\"B4B000\">Mardi 2 d\u00e9cembre<\/font><\/td>\n<td><font color=\"B4B000\"><\/p>\n<div align=\"center\"><img decoding=\"async\" src=\"\/IMG\/lieux\/superga1.jpg\"  width=150><\/div>\n<p><\/font><\/td>\n<td><font color=\"B4B000\">9 h &#8211; Messe \u00e0 Cr\u00e9cy pour Maurice CAUGNE et Pascal DUBUS.<br \/>\n<\/font><\/td>\n<tr>\n<td><font color=\"0022CC\">Mercredi 3 d\u00e9cembre<\/font><\/td>\n<td><font color=\"0022CC\">9 h  Messe \u00e0 Cr\u00e9cy pour Jean et Simone BLAVIER.<br \/>\n<\/font><\/td>\n<td><font color=\"0022CC\"><\/p>\n<div align=\"center\"><img decoding=\"async\" src=\"\/IMG\/lieux\/almeria03.jpg\"  width=150><\/div>\n<p><\/font><\/td>\n<\/tr>\n<tr>\n<td width=\"25%\"><font color=\"00CC00\">Jeudi 4 d\u00e9cembre<\/font><\/td>\n<td><font color=\"00CC00\"><\/p>\n<div align=\"center\"><img decoding=\"async\" src=\"\/IMG\/lieux\/vld1.JPG\"  width=150><\/div>\n<p><\/font><\/td>\n<td><font   color=\"00CC00\">9 h &#8211; Messe \u00e0 Cr\u00e9cy  pour R\u00e9gine ALVAREZ et Andr\u00e9e LEHMANN.<br \/>\n<\/font>\n<\/td>\n<\/tr>\n<tr>\n<td><font color=\"B4B000\">Vendredi 5 d\u00e9cembre<\/font><\/td>\n<td><font color=\"B4B000\">9 h &#8211; Messe \u00e0 Cr\u00e9cy pour Jacqueline DELFANTE et Raymonde LEROUX.<br \/>\n<\/font><\/td>\n<td><font color=\"B4B000\"> de 9 h 30 \u00e0 10 h &#8211;  Heure d&rsquo;Adoration  du Saint Sacrement \u00e0 la chapelle de la Vierge.<br \/>\n<\/font><\/td>\n<\/tr>\n<td><font color=\"0022CC\">Samedi 6 d\u00e9cembre<\/font><\/td>\n<p><\/font><\/td>\n<td><font color=\"0022CC\"><br \/>\n18 h 30 &#8211; Messe \u00e0 Villiers pour Sarah MOURGUES  et Simone GIGOT.<br \/>\n<\/font><\/td>\n<td><font color=\"0022CC\"><\/p>\n<div align=\"center\"><img decoding=\"async\" src=\"\/IMG\/lieux\/villiers_eglise2.jpg\"  width=150><\/div>\n<\/tr>\n<tr>\n<td><font color=\"00CC00\">Dimanche 7 d\u00e9cembre<\/font><\/td>\n<td><font color=\"00CC00\"><\/p>\n<div align=\"center\"><img decoding=\"async\" src=\"\/IMG\/lieux\/stgeorges19.jpg\"  width=150><\/div>\n<p><\/font><\/td>\n<td><font color=\"00CC00\">10 h 30 &#8211; Messe \u00e0 Cr\u00e9cy pour Alphonse MOREL  et pour la famille NOEL.<br \/>\n<\/font><\/td>\n<\/tr>\n<\/tbody>\n<\/table>\n","protected":false},"excerpt":{"rendered":"<p>Voici les annonces de la p\u00e9riode du lundi 1er au dimanche 7 d\u00e9cembre 2014 pour la paroisse des 3 clochers Cr\u00e9cy-la-Chapelle, Villiers-sur-Morin, Voulangis. Samedi 6 \u00e0\u00a0 18 h 30, messe \u00e0\u00a0 Villiers Dimanche 7&#46;&#46;&#46;<\/p>\n","protected":false},"author":2,"featured_media":0,"comment_status":"open","ping_status":"open","sticky":false,"template":"","format":"standard","meta":{"footnotes":""},"categories":[],"tags":[],"class_list":["post-799","post","type-post","status-publish","format-standard","hentry"],"_links":{"self":[{"href":"http:\/\/www.chapelle-crecy.com\/index.php?rest_route=\/wp\/v2\/posts\/799","targetHints":{"allow":["GET"]}}],"collection":[{"href":"http:\/\/www.chapelle-crecy.com\/index.php?rest_route=\/wp\/v2\/posts"}],"about":[{"href":"http:\/\/www.chapelle-crecy.com\/index.php?rest_route=\/wp\/v2\/types\/post"}],"author":[{"embeddable":true,"href":"http:\/\/www.chapelle-crecy.com\/index.php?rest_route=\/wp\/v2\/users\/2"}],"replies":[{"embeddable":true,"href":"http:\/\/www.chapelle-crecy.com\/index.php?rest_route=%2Fwp%2Fv2%2Fcomments&post=799"}],"version-history":[{"count":0,"href":"http:\/\/www.chapelle-crecy.com\/index.php?rest_route=\/wp\/v2\/posts\/799\/revisions"}],"wp:attachment":[{"href":"http:\/\/www.chapelle-crecy.com\/index.php?rest_route=%2Fwp%2Fv2%2Fmedia&parent=799"}],"wp:term":[{"taxonomy":"category","embeddable":true,"href":"http:\/\/www.chapelle-crecy.com\/index.php?rest_route=%2Fwp%2Fv2%2Fcategories&post=799"},{"taxonomy":"post_tag","embeddable":true,"href":"http:\/\/www.chapelle-crecy.com\/index.php?rest_route=%2Fwp%2Fv2%2Ftags&post=799"}],"curies":[{"name":"wp","href":"https:\/\/api.w.org\/{rel}","templated":true}]}}