{"id":800,"date":"2014-12-02T10:28:04","date_gmt":"2014-12-02T10:28:04","guid":{"rendered":""},"modified":"-0001-11-30T00:00:00","modified_gmt":"-0001-11-29T22:00:00","slug":"","status":"publish","type":"post","link":"http:\/\/www.chapelle-crecy.com\/?p=800","title":{"rendered":"Les \u00e9quipes de vie 2014-2015"},"content":{"rendered":"<div align=\"justify\">\nA c t\u00e9 des apports fondamentaux acquis gr ce aux modules des parcours de la cat\u00e9ch\u00e8se des 4 ann\u00e9es successives, il est propos\u00e9 aux enfants de participer \u00e0\u00a0 une \u00e9quipe de vie, mise en pratique de vivre et d&rsquo;exp\u00e9rimenter leur foi dans l&rsquo;action, afin de l&rsquo;enraciner dans le concret de leur vie. Les enfants peuvent s&rsquo;inscrire selon leurs affinit\u00e9s aux \u00e9quipes suivantes du secteur de Cr\u00e9cy-la-<br \/>\nChapelle qui ont \u00e9t\u00e9 constitu\u00e9es pour cette ann\u00e9e et dont la coordination est assur\u00e9e par Elisabeth R\u00e9moleur :<br \/>\n&#8211; Atelier motifs celtiques<br \/>\n&#8211; Th\u00e9 tre sc\u00e8nes bibliques<br \/>\n&#8211; Atelier solidarit\u00e9<br \/>\n&#8211; Servants d&rsquo;autel<\/p>\n<p>Le d\u00e9roulement des diff\u00e9rentes activit\u00e9s est le suivant &#8230;<\/p><\/div>\n<div align=\"justify\">\n<div align=\"center\">ATELIER motifs celtiques<\/div>\n<p> Le samedi matin de 10h \u00e0 12h \u00e0 la salle paroissiale \u00e0 Cr\u00e9cy<\/p>\n<div align=\"center\">\n<p>&#8211; 29 novembre 2014 <\/p>\n<p>&#8211; 13 d\u00e9cembre 2014 <\/p>\n<p>&#8211; 17 janvier 2015 <\/p>\n<p>&#8211; 31 janvier 2015 <\/p>\n<p>&#8211; 21 mars 2015<\/p><\/div>\n<p> Contacts:<br \/>\n Nicole Latieule (01-60-42-37-89 \/ nicole.latieule@wanadoo.fr)<br \/>\n Laurence Briane (laurence.briane@orange.fr) <\/p>\n<p> Objectifs <\/p>\n<p> Faire d\u00e9couvrir aux enfants le travail des moines et des artistes qui cr\u00e9aient<br \/>\ntous ces motifs pour glorifier Dieu.<br \/>\n Faire prendre conscience aux enfants que mettre tout son coeur  dans un travail pour une bonne cause c&rsquo;est PRIER.<br \/>\n Vendre nos productions au profit d&rsquo;une oeuvre. <\/p>\n<div align=\"center\"><img decoding=\"async\" src=\"\/IMG\/jpg\/equipe-croix.jpg\" width=450><\/div>\n<div align=\"center\">THEATRE sc\u00e8nes bibliques<\/div>\n<p> Le mercredi apr\u00e8s-midi de 14h30 \u00e0 16h \u00e0 la salle paroissiale \u00e0 Cr\u00e9cy<\/p>\n<p> Contacts:<br \/>\n Elisabeth R\u00e9moleur (01-64-63-74-30 \/ 06-84-90-16-28 \/ zabetou@free.fr) <\/p>\n<div align=\"center\">\n<p>&#8211; 26 novembre 2014<br \/>\n (pr\u00e9paration du d\u00e9cor de la cr\u00e8che et des \u00e9toiles pour la participation de la messe du dimanche 14 d\u00e9cembre 2014)<\/p>\n<p>&#8211; 10 d\u00e9cembre 2014<br \/>\n (cr\u00e8che vivante pour la messe du 24 d\u00e9cembre 2014 au soir)<\/p>\n<p>&#8211; 8 avril 2015<br \/>\n (\u00ab\u00a0J\u00e9sus ressuscit\u00e9 se manifeste aux ap\u00f4tres\u00a0\u00bb pour la participation de la messe du dimanche 12 avril 2015)<\/p>\n<p>&#8211; 17 juin 2015<br \/>\n(mime de \u00ab\u00a0la temp\u00eate apais\u00e9e\u00a0\u00bb pour la participation de la messe d&rsquo;action de gr\u00e2ces du dimanche 21 juin 2015) <\/p>\n<p> A noter que les enfants inscrits \u00e0 d&rsquo;autres ateliers peuvent aussi participer \u00e0 celui-ci s&rsquo;ils le souhaitent.<\/p><\/div>\n<div align=\"center\">ATELIER SOLIDARITE<\/div>\n<p> Le samedi apr\u00e8s-midi matin de 14h30 \u00e0 16h30 au local du Secours Catholique , place du march\u00e9 \u00e0 Cr\u00e9cy-la-Chapelle:<\/p>\n<div align=\"center\">\n<p>&#8211; 22 novembre 2014 <\/p>\n<p>&#8211; 13 d\u00e9cembre 2014 <\/p>\n<p>&#8211; 14 f\u00e9vrier 2015 <\/p><\/div>\n<p> Contacts:<br \/>\n Alain Legeay (06-72-28-45-04 \/ legeayalain@orange.fr) <\/p>\n<p> Objectifs <\/p>\n<p> Confection des colis de No\u00ebl<br \/>\n Distribution des colis et dessert commun<br \/>\n Vente de bougies<br \/>\n Collecte alimentaire<br \/>\n Jeux de soci\u00e9t\u00e9 et cr\u00e9ation de bracelets pour vendre.<br \/>\n A noter que cet atelier est en lien avec la maison de retraite et le Secours Catholique  <\/p>\n<div align=\"center\"><img decoding=\"async\" src=\"\/IMG\/jpg\/equipe-solidarite.jpg\" width=450><\/div>\n<div align=\"center\">SERVANTS D&rsquo;AUTEL<\/div>\n<p> Tous les dimanches matin \u00e0 10h30 \u00e0 Cr\u00e9cy \u00e0 10h30 ou les samedis soir<br \/>\n\u00e0 18h30 \u00e0 Villiers-sur-Morin ou Voulangis, selon les disponibilit\u00e9s des<br \/>\n Arriver environ 10 mn avant la messe <\/p>\n<div align=\"center\"><img decoding=\"async\" src=\"\/IMG\/jpg\/equipe-servant.jpg\" width=450><\/div>\n<\/div>\n","protected":false},"excerpt":{"rendered":"<p>A c t\u00e9 des apports fondamentaux acquis gr ce aux modules des parcours de la cat\u00e9ch\u00e8se des 4 ann\u00e9es successives, il est propos\u00e9 aux enfants de participer \u00e0\u00a0 une \u00e9quipe de vie, mise en&#46;&#46;&#46;<\/p>\n","protected":false},"author":2,"featured_media":0,"comment_status":"open","ping_status":"open","sticky":false,"template":"","format":"standard","meta":{"footnotes":""},"categories":[],"tags":[],"class_list":["post-800","post","type-post","status-publish","format-standard","hentry"],"_links":{"self":[{"href":"http:\/\/www.chapelle-crecy.com\/index.php?rest_route=\/wp\/v2\/posts\/800","targetHints":{"allow":["GET"]}}],"collection":[{"href":"http:\/\/www.chapelle-crecy.com\/index.php?rest_route=\/wp\/v2\/posts"}],"about":[{"href":"http:\/\/www.chapelle-crecy.com\/index.php?rest_route=\/wp\/v2\/types\/post"}],"author":[{"embeddable":true,"href":"http:\/\/www.chapelle-crecy.com\/index.php?rest_route=\/wp\/v2\/users\/2"}],"replies":[{"embeddable":true,"href":"http:\/\/www.chapelle-crecy.com\/index.php?rest_route=%2Fwp%2Fv2%2Fcomments&post=800"}],"version-history":[{"count":0,"href":"http:\/\/www.chapelle-crecy.com\/index.php?rest_route=\/wp\/v2\/posts\/800\/revisions"}],"wp:attachment":[{"href":"http:\/\/www.chapelle-crecy.com\/index.php?rest_route=%2Fwp%2Fv2%2Fmedia&parent=800"}],"wp:term":[{"taxonomy":"category","embeddable":true,"href":"http:\/\/www.chapelle-crecy.com\/index.php?rest_route=%2Fwp%2Fv2%2Fcategories&post=800"},{"taxonomy":"post_tag","embeddable":true,"href":"http:\/\/www.chapelle-crecy.com\/index.php?rest_route=%2Fwp%2Fv2%2Ftags&post=800"}],"curies":[{"name":"wp","href":"https:\/\/api.w.org\/{rel}","templated":true}]}}