{"id":801,"date":"2014-12-07T02:27:00","date_gmt":"2014-12-07T02:27:00","guid":{"rendered":""},"modified":"-0001-11-30T00:00:00","modified_gmt":"-0001-11-29T22:00:00","slug":"","status":"publish","type":"post","link":"http:\/\/www.chapelle-crecy.com\/?p=801","title":{"rendered":"Bonne route vers No\u00ebl \u00e0\u00a0 chacun \u00e0\u00a0 chacune de vos familles"},"content":{"rendered":"<div align=\"justify\">Le message du Pape Fran\u00e7ois est clair: le pr\u00e9cieux don de la foi doit n\u00e9cessairement \u00eatre transmis par les parents. Et dans ce temps de l&rsquo;Avent, o\u00f9 nous attendons l&rsquo;av\u00e8nement du Fils de Dieu, source d&rsquo;esp\u00e9rance d&rsquo;amour et de paix entre les hommes, quoi de plus normal que de se pr\u00e9parer en famille?<br \/>\nPour aider parents et enfants \u00e0\u00a0 pr\u00e9parer ensemble la f\u00eate de No\u00f6l, notre site vous propose plusieurs pistes.<br \/>\nTout d&rsquo;abord, comme depuis plusieurs ann\u00e9es maintenant, nous vous sugg\u00e9rons de vous connecter sur ce magnifique site cr\u00e9\u00e9 par les dominicains de Lille, [Avent dans la Ville->http:\/\/www.aventdanslaville.org\/temps-de-priere]. Vous y trouverez la Parole de Dieu comment\u00e9e qui vivifie et une lecture en audio du psaume du jour, entre autres.<br \/>\nEnsuite, en pi\u00e8ce jointe de cet article, vous pourrez imprimer un calendrier de l&rsquo;Avent peu habituel (en format PDF). Il vous est sugg\u00e9r\u00e9 par l&rsquo;\u00e9quipe de cat\u00e9 de premi\u00e8re ann\u00e9e de Cr\u00e9cy, anim\u00e9e par Charlotte You (charheloban@yahoo.fr) et St\u00e9phanie Vieux (stephanie.vieux@laposte.net). Dessus, vous pourrez y coller chaque jour de l&rsquo;Avent, une image de votre choix. Vous retrouverez cette invitation sur le prochain journal de l&rsquo;Echo de la Vall\u00e9e n\u00b0271 en cours de parution. Pour plus d&rsquo;information, n&rsquo;h\u00e9sitez pas \u00e0\u00a0 \u00e9crire \u00e0\u00a0 nos deux cat\u00e9chistes.<\/p>\n<p>Alors en communion avec le Pape Fran\u00e7ois, parents, enfants, cat\u00e9chistes, pr\u00eatres, la\u00efcs et toute personne de bonne volont\u00e9 pour accueillir le Christ, tous ensemble, relisons ci-apr\u00e8s les intentions de pri\u00e8re du Pape pour ce mois de d\u00e9cembre, et pr\u00e9parons-nous tous unis \u00e0\u00a0 c\u00e9l\u00e9brer prochainement la venue du Sauveur!\n<\/p><\/div>\n<div align=\"justify\">\n Les deux intentions de pri\u00e8re du pape Fran\u00e7ois pour le mois de d\u00e9cembre 2014 sont \u00ab No\u00ebl, esp\u00e9rance pour l&rsquo;humanit\u00e9 \u00bb et \u00ab les parents \u00bb.<\/p>\n<p> Son intention de pri\u00e8re universelle est en effet : \u00ab\u00a0Pour que la naissance du R\u00e9dempteur apporte paix et esp\u00e9rance \u00e0 tous les hommes de bonne volont\u00e9.\u00a0\u00bb<\/p>\n<p> Son intention de pri\u00e8re pour l&rsquo;\u00e9vang\u00e9lisation est : \u00ab\u00a0Pour que les parents soient d&rsquo;authentiques \u00e9vang\u00e9lisateurs, transmettant \u00e0 leurs enfants le don pr\u00e9cieux de la foi.\u00a0\u00bb Le P\u00e8re Xavier Jahan, sj, la commente ci-dessous.<\/p>\n<p> Parents, jardiniers de l&rsquo;Evangile&#8230;<br \/>\n Le 25 novembre, le Pape Fran\u00e7ois a donn\u00e9 un discours puissant \u00e0 toute la Communaut\u00e9 Europ\u00e9enne, en visitant ses instances \u00e0 Strasbourg, discours dans lequel il rappelle des \u00e9l\u00e9ments forts :<\/p>\n<p>&#8211; \u00ab l&rsquo;\u00e9ducation, \u00e0 partir de la famille cellule fondamentale et \u00e9l\u00e9ment pr\u00e9cieux de toute soci\u00e9t\u00e9 \u00bb ;<\/p>\n<p>&#8211; la famille qui \u00ab porte avec elle les \u00e9l\u00e9ments fondamentaux pour donner esp\u00e9rance \u00e0 l&rsquo;avenir \u00bb.<\/p>\n<p>Cela rejoint l&rsquo;appel qu&rsquo;il nous confie pour notre pri\u00e8re missionnaire de ce mois:<\/p>\n<p> \u00ab Pour que les parents soient d&rsquo;authentiques \u00e9vang\u00e9lisateurs, transmettant \u00e0 leurs enfants le don pr\u00e9cieux de la foi \u00bb.<\/p>\n<p> M\u00eame si nous savons que la foi est un don de Dieu, le r\u00f4le des parents a une importance consid\u00e9rable, entre autre, pour le climat d&rsquo;impr\u00e9gnation qu&rsquo;ils peuvent susciter. Pourtant la transmission de la foi reste une \u00e9nigme. Nous connaissons tous nombre de situations o\u00f9 des parents ont tout fait pour transmettre la foi \u00e0 leurs enfants, alors que le r\u00e9sultat semble contredire tous leurs efforts. J\u00e9sus lui-m\u00eame, puis Saint Paul nous ont avertis que, autre est celui qui s\u00e8me et autre celui qui r\u00e9colte (Jean 4, 37 et 1Co 3, 6). Cette mission d&rsquo;\u00e9vang\u00e9lisation fondamentale est essentielle m\u00eame si elle peut passer par l&rsquo;\u00e9preuve.<\/p>\n<p> Les parents ont donc v\u00e9ritablement besoin du soutien de la pri\u00e8re de tout le peuple de Dieu. Nous n&rsquo;aurons pas trop d&rsquo;un mois entier pour cela. Ce mois de d\u00e9cembre nous conduit au coeur de la f\u00eate de la Sainte Famille. Cette famille est celle au sein de laquelle l&rsquo;Enfant-J\u00e9sus a \u00e9t\u00e9 \u00e9duqu\u00e9, en son temps, \u00e0 la foi juive par ses parents, en les suivant \u00e0 la synagogue et au Temple de J\u00e9rusalem.<\/p>\n<p> C&rsquo;est donc pour nourrir votre pri\u00e8re missionnaire tout au long de ce mois que vous pouvez d\u00e8s \u00e0 pr\u00e9sent d\u00e9couvrir les nouveaux articles r\u00e9alis\u00e9s par notre \u00e9quipe du site [www.prieraucoeurdumonde.fr->http:\/\/www.prieraucoeurdumonde.net\/] Ces articles ont pour finalit\u00e9 d&rsquo;ouvrir notre conscience \u00e0 ce d\u00e9fi et de donner des \u00e9l\u00e9ments qui peuvent aider \u00e0 tenir dans la pri\u00e8re.<\/p>\n<p> Qu&rsquo;est-ce \u00e0 dire : \u00e2\u20ac\u0178 tenir\u00e2\u20ac\u009d ? Cela veut dire que notre pri\u00e8re ne doit pas \u00eatre une simple \u00ab pri\u00e8re de gentillesse \u00bb que l&rsquo;on oublie aussit\u00f4t dite (cf. les propos du pape Fran\u00e7ois sur la pri\u00e8re le 20 mai 2013), ni non plus une pri\u00e8re de rab\u00e2chage (cf. ce que dit J\u00e9sus en Matthieu 6, 7), mais notre pri\u00e8re doit \u00eatre un dialogue, une offrande quotidienne, de m\u00eame nature que le dialogue permanent de J\u00e9sus vers son P\u00e8re. Autrement dit,il s&rsquo;agit de pouvoir s&rsquo;entretenir avec Dieu, comme on le ferait avec un collaborateur, un partenaire dans une mission commune ; sans radoter mais en d\u00e9veloppant des arguments, des exemples. Tout cela dans un dialogue confiant.<\/p>\n<p> Aussi nos articles, qui prennent des angles diff\u00e9rents (t\u00e9moignages \u00e9crits, vid\u00e9o, \u00e9clairages venant d&rsquo;autres pays, \u00e9clairage biblique ou de la Tradition de l&rsquo;Eglise, initiatives recens\u00e9es ici et l\u00e0 sur la toile, etc.), sont l\u00e0 pour aider chacun \u00e0 nourrir son dialogue personnel avec le Seigneur, dans une confiance dans l&rsquo;action du Seigneur telle que nous n&rsquo;ayons pas besoin d&rsquo;avoir des \u00ab preuves \u00bb que nos demandes seront exauc\u00e9es\u00e2\u20ac\u00a6 Comme J\u00e9sus avant de demander \u00e0 Lazare de sortir du tombeau : \u00ab P\u00e8re je te rends gr\u00e2ce de ce que tu m&rsquo;as exauc\u00e9 \u00bb (Jean 11, 41)<\/p>\n<p>Alors bonne d\u00e9couverte de ce nouveau d\u00e9fi et bonne pri\u00e8re missionnaire !<\/p>\n<p>Bonne route vers No\u00ebl \u00e0 chacun, \u00e0 chacune de vos familles et que l&rsquo;av\u00e8nement du Sauveur comble nos coeurs de paix et d&rsquo;esp\u00e9rance !<\/p>\n<p> P Xavier Jahan sj\n<\/p><\/div>\n","protected":false},"excerpt":{"rendered":"<p>Le message du Pape Fran\u00e7ois est clair: le pr\u00e9cieux don de la foi doit n\u00e9cessairement \u00eatre transmis par les parents. Et dans ce temps de l&rsquo;Avent, o\u00f9 nous attendons l&rsquo;av\u00e8nement du Fils de Dieu,&#46;&#46;&#46;<\/p>\n","protected":false},"author":2,"featured_media":0,"comment_status":"open","ping_status":"open","sticky":false,"template":"","format":"standard","meta":{"footnotes":""},"categories":[],"tags":[],"class_list":["post-801","post","type-post","status-publish","format-standard","hentry"],"_links":{"self":[{"href":"http:\/\/www.chapelle-crecy.com\/index.php?rest_route=\/wp\/v2\/posts\/801","targetHints":{"allow":["GET"]}}],"collection":[{"href":"http:\/\/www.chapelle-crecy.com\/index.php?rest_route=\/wp\/v2\/posts"}],"about":[{"href":"http:\/\/www.chapelle-crecy.com\/index.php?rest_route=\/wp\/v2\/types\/post"}],"author":[{"embeddable":true,"href":"http:\/\/www.chapelle-crecy.com\/index.php?rest_route=\/wp\/v2\/users\/2"}],"replies":[{"embeddable":true,"href":"http:\/\/www.chapelle-crecy.com\/index.php?rest_route=%2Fwp%2Fv2%2Fcomments&post=801"}],"version-history":[{"count":0,"href":"http:\/\/www.chapelle-crecy.com\/index.php?rest_route=\/wp\/v2\/posts\/801\/revisions"}],"wp:attachment":[{"href":"http:\/\/www.chapelle-crecy.com\/index.php?rest_route=%2Fwp%2Fv2%2Fmedia&parent=801"}],"wp:term":[{"taxonomy":"category","embeddable":true,"href":"http:\/\/www.chapelle-crecy.com\/index.php?rest_route=%2Fwp%2Fv2%2Fcategories&post=801"},{"taxonomy":"post_tag","embeddable":true,"href":"http:\/\/www.chapelle-crecy.com\/index.php?rest_route=%2Fwp%2Fv2%2Ftags&post=801"}],"curies":[{"name":"wp","href":"https:\/\/api.w.org\/{rel}","templated":true}]}}