{"id":802,"date":"2014-12-07T12:50:00","date_gmt":"2014-12-07T12:50:00","guid":{"rendered":""},"modified":"-0001-11-30T00:00:00","modified_gmt":"-0001-11-29T22:00:00","slug":"","status":"publish","type":"post","link":"http:\/\/www.chapelle-crecy.com\/?p=802","title":{"rendered":"Annonces de la semaine du 8 au 14 d\u00e9cembre 2014"},"content":{"rendered":"<table bgcolor =\"F0FAFF\" border=0>\n<tbody>\n<tr>\n<td>\n<div align=\"justify\">\n<div \"752\">Voici les annonces de la p\u00e9riode du lundi 8 au dimanche 14 d\u00e9cembre 2014 pour la paroisse des 3 clochers Cr\u00e9cy-la-Chapelle, Villiers-sur-Morin, Voulangis. <br \/>\nSamedi 13 \u00e0\u00a0 18 h 30, messe \u00e0\u00a0 Voulangis<br \/>\nDimanche 14 \u00e0\u00a0 10 h 30, messe \u00e0\u00a0 Cr\u00e9cy <br \/>\nRetrouvez tous les d\u00e9tails dans la suite &#8230;<\/div>\n<\/div>\n<\/td>\n<\/tr>\n<\/tbody>\n<\/table>\n<table bgcolor =\"F0F6FF\" border=0>\n<tbody>\n<tr>\n<td width=\"25%\"><font color=\"00CC00\">Lundi 8 d\u00e9cembre<\/font><\/td>\n<td><font color=\"00CC00\"><br \/>\nF\u00eate de l&rsquo;Immacul\u00e9e Conception<br \/>\n 17 h &#8211; Messe \u00e0 la Maison de Retraite.<\/font>\n<\/td>\n<td><font color=\"00CC00\">20 h 30  R\u00e9union de l&rsquo;Equipe d&rsquo;Animation Pastorale.<\/font><\/td>\n<\/tr>\n<tr>\n<td><font color=\"B4B000\">Mardi 9 d\u00e9cembre<\/font><\/td>\n<td><font color=\"B4B000\">9 h &#8211; Messe \u00e0 Cr\u00e9cy pour Dominique BOISGONTIER et Paule THOMAS<br \/>\n<\/font><\/td>\n<td><font color=\"B4B000\">10 h &#8211; A Cr\u00e9cy, obs\u00e8ques de Lionel TANGUY.<br \/>\n<\/font><\/td>\n<tr>\n<td><font color=\"0022CC\">Mercredi 10 d\u00e9cembre<\/font><\/td>\n<td><font color=\"0022CC\">9 h  Messe \u00e0 Cr\u00e9cy pour Jean PANHARD et Fernand DOMISE.<br \/>\n<\/font><\/td>\n<td><font color=\"0022CC\"><\/p>\n<div align=\"center\"><img decoding=\"async\" src=\"\/IMG\/lieux\/lourdes10.jpg\"  width=150><\/div>\n<p><\/font><\/td>\n<\/tr>\n<tr>\n<td><font color=\"B4B000\">Vendredi 12 d\u00e9cembre<\/font><\/td>\n<td><font color=\"B4B000\"> <\/p>\n<div align=\"center\"><img decoding=\"async\" src=\"\/IMG\/lieux\/lourdes11.jpg\"  width=150><\/div>\n<p><\/font><\/td>\n<td><font color=\"B4B000\">9 h &#8211; Messe \u00e0 Cr\u00e9cy pour Jeanine PERRICHON et Lucien GORRET.<br \/>\n<\/font><\/td>\n<\/tr>\n<td><font color=\"0022CC\">Samedi 13 d\u00e9cembre<\/font><\/td>\n<p><\/font><\/td>\n<td><font color=\"0022CC\"><br \/>\n14 h  &#8211; R\u00e9union de l&rsquo;Eveil \u00e0 la Foi \u00e0 la salle  paroissiale.<br \/>\n18 h 30 &#8211; Messe \u00e0 Voulangis pour Lucette BRASILLIER et Christiane MEIGNANT.<\/font><\/td>\n<td><font color=\"0022CC\"><\/p>\n<div align=\"center\"><img decoding=\"async\" src=\"\/IMG\/lieux\/voulangis_eglise4.jpg\"  width=150><\/div>\n<\/tr>\n<tr>\n<td><font color=\"00CC00\">Dimanche 14 d\u00e9cembre<\/font><\/td>\n<td><font color=\"00CC00\"><\/p>\n<div align=\"center\"><img decoding=\"async\" src=\"\/IMG\/lieux\/stgeorges10.jpg\"  width=150><\/div>\n<p><\/font><\/td>\n<td><font color=\"00CC00\">10 h 30 &#8211; Messe \u00e0 Cr\u00e9cy pour Fran\u00e7oise JOSSE et Pierre LOUIS. Elle est \u00e9galement c\u00e9l\u00e9br\u00e9e pour Auzenda KATUMBA.<br \/>\n<\/font><\/td>\n<\/tr>\n<\/tbody>\n<\/table>\n","protected":false},"excerpt":{"rendered":"<p>Voici les annonces de la p\u00e9riode du lundi 8 au dimanche 14 d\u00e9cembre 2014 pour la paroisse des 3 clochers Cr\u00e9cy-la-Chapelle, Villiers-sur-Morin, Voulangis. Samedi 13 \u00e0\u00a0 18 h 30, messe \u00e0\u00a0 Voulangis Dimanche 14&#46;&#46;&#46;<\/p>\n","protected":false},"author":2,"featured_media":0,"comment_status":"open","ping_status":"open","sticky":false,"template":"","format":"standard","meta":{"footnotes":""},"categories":[],"tags":[],"class_list":["post-802","post","type-post","status-publish","format-standard","hentry"],"_links":{"self":[{"href":"http:\/\/www.chapelle-crecy.com\/index.php?rest_route=\/wp\/v2\/posts\/802","targetHints":{"allow":["GET"]}}],"collection":[{"href":"http:\/\/www.chapelle-crecy.com\/index.php?rest_route=\/wp\/v2\/posts"}],"about":[{"href":"http:\/\/www.chapelle-crecy.com\/index.php?rest_route=\/wp\/v2\/types\/post"}],"author":[{"embeddable":true,"href":"http:\/\/www.chapelle-crecy.com\/index.php?rest_route=\/wp\/v2\/users\/2"}],"replies":[{"embeddable":true,"href":"http:\/\/www.chapelle-crecy.com\/index.php?rest_route=%2Fwp%2Fv2%2Fcomments&post=802"}],"version-history":[{"count":0,"href":"http:\/\/www.chapelle-crecy.com\/index.php?rest_route=\/wp\/v2\/posts\/802\/revisions"}],"wp:attachment":[{"href":"http:\/\/www.chapelle-crecy.com\/index.php?rest_route=%2Fwp%2Fv2%2Fmedia&parent=802"}],"wp:term":[{"taxonomy":"category","embeddable":true,"href":"http:\/\/www.chapelle-crecy.com\/index.php?rest_route=%2Fwp%2Fv2%2Fcategories&post=802"},{"taxonomy":"post_tag","embeddable":true,"href":"http:\/\/www.chapelle-crecy.com\/index.php?rest_route=%2Fwp%2Fv2%2Ftags&post=802"}],"curies":[{"name":"wp","href":"https:\/\/api.w.org\/{rel}","templated":true}]}}