{"id":803,"date":"2014-12-06T20:48:42","date_gmt":"2014-12-06T20:48:42","guid":{"rendered":""},"modified":"-0001-11-30T00:00:00","modified_gmt":"-0001-11-29T22:00:00","slug":"","status":"publish","type":"post","link":"http:\/\/www.chapelle-crecy.com\/?p=803","title":{"rendered":"Bonne f\u00eate \u00e0\u00a0 tous les Nicolas"},"content":{"rendered":"<div align=\"justify\">Nicolas de Myre est n\u00e9 en Patare, dans l&rsquo;actuelle Turquie, vers l&rsquo;an 270. D\u00e8s sa naissance, il fait des miracles en r\u00e9ussissant \u00e0\u00a0 se tenir debout, bien droit sur ses jambes. Devenu \u00e9v\u00eaque de la ville de Myre, en Anatolie, il se montre particuli\u00e8rement charitable et sauve 3 officiers bless\u00e9s au combat. <\/p>\n<p>Mais la l\u00e9gende transformera ces officiers en enfants : 3 enfants qu&rsquo;il parvient \u00e0\u00a0 extraire \u00e0\u00a0 temps du saloir d&rsquo;un boucher pr\u00eat \u00e0\u00a0 les d\u00e9couper. Avec le temps, le boucher deviendra quant \u00e0\u00a0 lui le c\u00e9l\u00e8bre acolyte de Saint-Nicolas : le P\u00e8re Fouettard, charg\u00e9 de punir les enfants d\u00e9sob\u00e9issants. <\/p>\n<p>Apr\u00e8s sa mort, vers l&rsquo;an 350, Nicolas de Myre est proclam\u00e9 Saint-Nicolas gr ce \u00e0\u00a0 sa r\u00e9putation de charit\u00e9. Il est canonis\u00e9 et devient le protecteur des enfants, des veuves et des gens faibles. C&rsquo;est aussi le patron de la Lorraine, dont l&rsquo;un des lieux de culte, la Basilique de [Saint-Nicolas-de-Port->http:\/\/www.saintnicolasdeport.com\/], abrite l&rsquo;une des reliques de Saint-Nicolas (sa phalange droite), diss\u00e9min\u00e9es un peu partout en Europe.<\/p><\/div>\n<div align=\"justify\">\n<div align=\"center\"><img decoding=\"async\" src=\"\/IMG\/jpg\/StNicolasCrecy.jpg\" width=500><\/div>\n<\/div>\n","protected":false},"excerpt":{"rendered":"<p>Nicolas de Myre est n\u00e9 en Patare, dans l&rsquo;actuelle Turquie, vers l&rsquo;an 270. D\u00e8s sa naissance, il fait des miracles en r\u00e9ussissant \u00e0\u00a0 se tenir debout, bien droit sur ses jambes. Devenu \u00e9v\u00eaque de&#46;&#46;&#46;<\/p>\n","protected":false},"author":2,"featured_media":0,"comment_status":"open","ping_status":"open","sticky":false,"template":"","format":"standard","meta":{"footnotes":""},"categories":[],"tags":[],"class_list":["post-803","post","type-post","status-publish","format-standard","hentry"],"_links":{"self":[{"href":"http:\/\/www.chapelle-crecy.com\/index.php?rest_route=\/wp\/v2\/posts\/803","targetHints":{"allow":["GET"]}}],"collection":[{"href":"http:\/\/www.chapelle-crecy.com\/index.php?rest_route=\/wp\/v2\/posts"}],"about":[{"href":"http:\/\/www.chapelle-crecy.com\/index.php?rest_route=\/wp\/v2\/types\/post"}],"author":[{"embeddable":true,"href":"http:\/\/www.chapelle-crecy.com\/index.php?rest_route=\/wp\/v2\/users\/2"}],"replies":[{"embeddable":true,"href":"http:\/\/www.chapelle-crecy.com\/index.php?rest_route=%2Fwp%2Fv2%2Fcomments&post=803"}],"version-history":[{"count":0,"href":"http:\/\/www.chapelle-crecy.com\/index.php?rest_route=\/wp\/v2\/posts\/803\/revisions"}],"wp:attachment":[{"href":"http:\/\/www.chapelle-crecy.com\/index.php?rest_route=%2Fwp%2Fv2%2Fmedia&parent=803"}],"wp:term":[{"taxonomy":"category","embeddable":true,"href":"http:\/\/www.chapelle-crecy.com\/index.php?rest_route=%2Fwp%2Fv2%2Fcategories&post=803"},{"taxonomy":"post_tag","embeddable":true,"href":"http:\/\/www.chapelle-crecy.com\/index.php?rest_route=%2Fwp%2Fv2%2Ftags&post=803"}],"curies":[{"name":"wp","href":"https:\/\/api.w.org\/{rel}","templated":true}]}}