{"id":804,"date":"2014-12-07T22:34:31","date_gmt":"2014-12-07T22:34:31","guid":{"rendered":""},"modified":"-0001-11-30T00:00:00","modified_gmt":"-0001-11-29T22:00:00","slug":"","status":"publish","type":"post","link":"http:\/\/www.chapelle-crecy.com\/?p=804","title":{"rendered":"C\u00e9l\u00e9bration solennelle de l&rsquo;Immacul\u00e9e Conception \u00e0\u00a0 Meaux"},"content":{"rendered":"<div align=\"justify\">En souvenir du voeu que Mgr Marbeau avait fait \u00e0\u00a0 la Vierge Marie en septembre 1914, si Meaux \u00e9tait pr\u00e9serv\u00e9e des conflits, la f\u00eate de l&rsquo;Immacul\u00e9e-Conception sera c\u00e9l\u00e9br\u00e9e solennellement \u00e0\u00a0 la Cath\u00e9drale de Meaux.<\/p>\n<p>Le Cardinal Andr\u00e9 Vingt-Trois pr\u00e9sidera la messe \u00e0\u00a0 10h30, ce lundi 8 d\u00e9cembre, en pr\u00e9sence de plusieurs \u00e9v\u00eaques, de personnalit\u00e9s civiles, religieuses et militaires.<\/p>\n<p>Plus de 1 000 jeunes d&rsquo;\u00e9tablissements de l&rsquo;Enseignement Catholique de Seine-et-Marne y assisteront. A l&rsquo;issue de la c\u00e9l\u00e9bration, une procession se rendra au square Emmanuel Marbeau, avec la participation de Jean-Fran\u00e7ois Cop\u00e9, Maire de Meaux.<\/p>\n<p>Vous \u00eates tous chaleureusement invit\u00e9s \u00e0\u00a0 assister \u00e0\u00a0 cette c\u00e9r\u00e9monie en l&rsquo;honneur de la Vierge Marie, Reine de la Paix, et \u00e0\u00a0 prier pour que la paix triomphe dans le monde, dans l&rsquo;Eglise, dans nos soci\u00e9t\u00e9s, nos cit\u00e9s, nos familles. Que la M\u00e8re du Prince de la Paix fasse de chacun de nous des artisans de Paix ! Venez nombreux !<\/p>\n<p>NB : La cath\u00e9drale n&rsquo;est pas chauff\u00e9e, pensez \u00e0\u00a0 vous couvrir\n<\/p><\/div>\n<div align=\"justify\">\n Voici, pour information, une autre proposition pour la f\u00eate de l&rsquo;Immacul\u00e9e Conception sur le P\u00f4le Missionnaire de Fontainebleau:<\/p>\n<p>Venez nombreux ce soir, en famille, avec vos enfants, vos amis et voisins, \u00e0 la procession de Bourron- Marlotte (30 minutes seulement de marche de lumi\u00e8re et de pri\u00e8re pour la France, l&rsquo;Europe et aussi les chr\u00e9tiens d&rsquo;Orient).<br \/>\n P\u00e8lerins d&rsquo;un soir nombreux et priants!<\/p>\n<div align=\"center\">\n PROCESSION AUX FLAMBEAUX<\/p>\n<p> LUNDI 8 DECEMBRE 2014<\/p>\n<p> A BOURRON-MARLOTTE<\/p>\n<p> 19h: D\u00e9part dans le parking du ch\u00e2teau (les flambeaux seront fournis). Procession dans les rues du village. Pri\u00e8re mariale \u00e0 l&rsquo;\u00e9glise de Bourron.<\/p>\n<p> 20h30 : Messe de l&rsquo;Immacul\u00e9e-Conception pour le P\u00f4le \u00e0 St Louis de Fontainebleau (covoiturage possible).<\/p>\n<p> VENONS NOMBREUX, EN FAMILLE,<\/p>\n<p> PRIER<\/p>\n<p> LA VIERGE MARIE !\n<\/p><\/div>\n<\/div>\n","protected":false},"excerpt":{"rendered":"<p>En souvenir du voeu que Mgr Marbeau avait fait \u00e0\u00a0 la Vierge Marie en septembre 1914, si Meaux \u00e9tait pr\u00e9serv\u00e9e des conflits, la f\u00eate de l&rsquo;Immacul\u00e9e-Conception sera c\u00e9l\u00e9br\u00e9e solennellement \u00e0\u00a0 la Cath\u00e9drale de Meaux.&#46;&#46;&#46;<\/p>\n","protected":false},"author":2,"featured_media":0,"comment_status":"open","ping_status":"open","sticky":false,"template":"","format":"standard","meta":{"footnotes":""},"categories":[],"tags":[],"class_list":["post-804","post","type-post","status-publish","format-standard","hentry"],"_links":{"self":[{"href":"http:\/\/www.chapelle-crecy.com\/index.php?rest_route=\/wp\/v2\/posts\/804","targetHints":{"allow":["GET"]}}],"collection":[{"href":"http:\/\/www.chapelle-crecy.com\/index.php?rest_route=\/wp\/v2\/posts"}],"about":[{"href":"http:\/\/www.chapelle-crecy.com\/index.php?rest_route=\/wp\/v2\/types\/post"}],"author":[{"embeddable":true,"href":"http:\/\/www.chapelle-crecy.com\/index.php?rest_route=\/wp\/v2\/users\/2"}],"replies":[{"embeddable":true,"href":"http:\/\/www.chapelle-crecy.com\/index.php?rest_route=%2Fwp%2Fv2%2Fcomments&post=804"}],"version-history":[{"count":0,"href":"http:\/\/www.chapelle-crecy.com\/index.php?rest_route=\/wp\/v2\/posts\/804\/revisions"}],"wp:attachment":[{"href":"http:\/\/www.chapelle-crecy.com\/index.php?rest_route=%2Fwp%2Fv2%2Fmedia&parent=804"}],"wp:term":[{"taxonomy":"category","embeddable":true,"href":"http:\/\/www.chapelle-crecy.com\/index.php?rest_route=%2Fwp%2Fv2%2Fcategories&post=804"},{"taxonomy":"post_tag","embeddable":true,"href":"http:\/\/www.chapelle-crecy.com\/index.php?rest_route=%2Fwp%2Fv2%2Ftags&post=804"}],"curies":[{"name":"wp","href":"https:\/\/api.w.org\/{rel}","templated":true}]}}