{"id":806,"date":"2014-12-15T12:48:31","date_gmt":"2014-12-15T12:48:31","guid":{"rendered":""},"modified":"-0001-11-30T00:00:00","modified_gmt":"-0001-11-29T22:00:00","slug":"","status":"publish","type":"post","link":"http:\/\/www.chapelle-crecy.com\/?p=806","title":{"rendered":"Horaires des c\u00e9l\u00e9brations de No\u00ebl 2014 \u00e0\u00a0 Cr\u00e9cy"},"content":{"rendered":"<div align=\"justify\">Cette ann\u00e9e, la messe de la Nuit de No\u00f6l aura lieu en<br \/>\nl&rsquo;\u00e9glise St Georges de Cr\u00e9cy, le mercredi 24 d\u00e9cembre 2014 \u00e0\u00a0 20h30.<br \/>\nLa messe du Jour de No\u00f6l sera c\u00e9l\u00e9br\u00e9e<br \/>\nle 25 d\u00e9cembre 2014 \u00e0\u00a0 10h30 en l&rsquo;\u00e9glise St R\u00e9mi de Villiers.<br \/>\nEn attendant ce Grand Jour de la naissance de J\u00e9sus, le fameux site [Retraite dans la ville->http:\/\/www.retraitedanslaville.org\/] dont nous vous avons d\u00e9j\u00e0\u00a0 parl\u00e9 ici propose aux enfants de 6-11 ans de se pr\u00e9parer \u00e0\u00a0 No\u00f6l en cliquant sur [www.theobule.org->http:\/\/www.theobule.org\/]. Bonne visite et bon temps de l&rsquo;Avent !<\/div>\n<div align=\"justify\">\n<div align=\"center\"><img decoding=\"async\" src=\"\/IMG\/jpg\/Theo1.jpg\" width=450><\/div>\n<div align=\"center\"><img decoding=\"async\" src=\"\/IMG\/jpg\/Theo2.jpg\" width=450><\/div>\n<p> Les enfants de la paroisse de Cr\u00e9cy pr\u00e9parent d\u00e9j\u00e0 activement la f\u00eate de No\u00ebl, au cours des \u00e9quipes de vie:  <\/p>\n<div align=\"center\"><img decoding=\"async\" src=\"\/IMG\/jpg\/Theo4.jpg\" width=450><\/div>\n<div align=\"center\"> Atelier \u00ab\u00a0Motifs celtiques\u00a0\u00bb, dans le cadre des \u00e9quipes de vie, une activit\u00e9 tr\u00e8s appr\u00e9ci\u00e9e par les enfants, en prolongement du cat\u00e9.<\/div>\n<p> Contact: Elisabeth R\u00e9moleur<\/p>\n<p> E-mail: zabetou@free.fr<br \/>\n T\u00e9l\u00e9phone fixe: 01-60-42-37-89<br \/>\n Portable: 06-84-90-16-28\n<\/p><\/div>\n","protected":false},"excerpt":{"rendered":"<p>Cette ann\u00e9e, la messe de la Nuit de No\u00f6l aura lieu en l&rsquo;\u00e9glise St Georges de Cr\u00e9cy, le mercredi 24 d\u00e9cembre 2014 \u00e0\u00a0 20h30. La messe du Jour de No\u00f6l sera c\u00e9l\u00e9br\u00e9e le 25&#46;&#46;&#46;<\/p>\n","protected":false},"author":2,"featured_media":0,"comment_status":"open","ping_status":"open","sticky":false,"template":"","format":"standard","meta":{"footnotes":""},"categories":[],"tags":[],"class_list":["post-806","post","type-post","status-publish","format-standard","hentry"],"_links":{"self":[{"href":"http:\/\/www.chapelle-crecy.com\/index.php?rest_route=\/wp\/v2\/posts\/806","targetHints":{"allow":["GET"]}}],"collection":[{"href":"http:\/\/www.chapelle-crecy.com\/index.php?rest_route=\/wp\/v2\/posts"}],"about":[{"href":"http:\/\/www.chapelle-crecy.com\/index.php?rest_route=\/wp\/v2\/types\/post"}],"author":[{"embeddable":true,"href":"http:\/\/www.chapelle-crecy.com\/index.php?rest_route=\/wp\/v2\/users\/2"}],"replies":[{"embeddable":true,"href":"http:\/\/www.chapelle-crecy.com\/index.php?rest_route=%2Fwp%2Fv2%2Fcomments&post=806"}],"version-history":[{"count":0,"href":"http:\/\/www.chapelle-crecy.com\/index.php?rest_route=\/wp\/v2\/posts\/806\/revisions"}],"wp:attachment":[{"href":"http:\/\/www.chapelle-crecy.com\/index.php?rest_route=%2Fwp%2Fv2%2Fmedia&parent=806"}],"wp:term":[{"taxonomy":"category","embeddable":true,"href":"http:\/\/www.chapelle-crecy.com\/index.php?rest_route=%2Fwp%2Fv2%2Fcategories&post=806"},{"taxonomy":"post_tag","embeddable":true,"href":"http:\/\/www.chapelle-crecy.com\/index.php?rest_route=%2Fwp%2Fv2%2Ftags&post=806"}],"curies":[{"name":"wp","href":"https:\/\/api.w.org\/{rel}","templated":true}]}}