{"id":807,"date":"2014-12-17T15:49:20","date_gmt":"2014-12-17T15:49:20","guid":{"rendered":""},"modified":"-0001-11-30T00:00:00","modified_gmt":"-0001-11-29T22:00:00","slug":"","status":"publish","type":"post","link":"http:\/\/www.chapelle-crecy.com\/?p=807","title":{"rendered":"Un grand moment de partage dans le nouveau local de Cr\u00e9cy-la-Chapelle"},"content":{"rendered":"<div align=\"justify\">\nSamedi 13 d\u00e9cembre comme tous les ans, le traditionnel repas de No\u00f6l a eu lieu et pour la premi\u00e8re fois dans nos nouveaux locaux place du March\u00e9.<br \/>\nD\u00e8s 9h30 accueillis et b\u00e9n\u00e9voles relevaient leurs manches pour cuisiner ensemble et vers 12h30  \u00e0\u00a0  table pour d\u00e9guster ce d\u00e9licieux menu, fruit d&rsquo;un travail commun.<br \/>\n43 personnes dont 26 accueillis ont pass\u00e9 un moment inoubliable de partage, de solidarit\u00e9 et d&rsquo;amiti\u00e9.<br \/>\nDans l&rsquo;apr\u00e8s-midi les enfants du cat\u00e9chisme inscrits dans  l&rsquo;\u00e9quipe  de vie \u00ab solidarit\u00e9 \u00bb, sont venus partager le dessert  et distribuer  un petit cadeau pour chaque famille, un beau moment d&rsquo;\u00e9motion (Pr\u00e9sentation de l&rsquo;\u00e9quipe de vie \u00ab\u00a0Solidarit\u00e9\u00a0\u00bb \u00e0\u00a0 d\u00e9couvrir sur le prochain Echo de la Vall\u00e9e de No\u00f6l, n\u00b0271).<br \/>\nTout le monde est reparti heureux de cette belle journ\u00e9e, en t\u00e9moigne dans la suite de l&rsquo;article, l&rsquo;album-photo.<br \/>\nMessage important de derni\u00e8re minute: vous avez la possibilit\u00e9 d&rsquo;agir solidairement au profit de l&rsquo;Association [Amiti\u00e9-Brie-B\u00e9nin->http:\/\/www.amitie-brie-benin.com\/]. Voir les explications au bas de cet article&#8230;<\/div>\n<div align=\"justify\">\n Voici quelques photos du repas de No\u00ebl:<\/p>\n<div align=\"center\"><img decoding=\"async\" src=\"\/IMG\/jpg\/SC-Noel1.jpg\n\" width=400><\/div>\n<div align=\"center\"><img decoding=\"async\" src=\"\/IMG\/jpg\/SC-Noel2.jpg\n\" width=400><\/div>\n<div align=\"center\"><img decoding=\"async\" src=\"\/IMG\/jpg\/SC-Noel3.jpg\n\" width=400><\/div>\n<div align=\"center\">Nouvelle action du Secours Catholique de Cr\u00e9cy-la-Chapelle<br \/>\n Lutter contre l&rsquo;isolement des familles ou des personnes seules avec les  visites \u00e0 domicile.<\/div>\n<div align=\"center\"><img decoding=\"async\" src=\"\/IMG\/jpg\/SC-Noel4.jpg\n\" width=400><\/div>\n<p> Des visites r\u00e9guli\u00e8res sont organis\u00e9es pour rompre la solitude tout simplement, mais aussi pour proposer toutes nos aides, m\u00eame \u00e0 domicile, \u00e9coute, aide administrative, aide alimentaire.<br \/>\nNotre action se d\u00e9finit jusqu&rsquo;\u00e0 la limite des actes ou t\u00e2ches n\u00e9cessitant l&rsquo;intervention d&rsquo;un professionnel ou de l&rsquo;entourage proche du b\u00e9n\u00e9ficiaire.<br \/>\n Vous connaissez une personne isol\u00e9e, vous \u00eates vous-m\u00eame isol\u00e9 sur les communes voisines de Cr\u00e9cy-la-Chapelle, n&rsquo;h\u00e9sitez pas, contactez-nous !<br \/>\n Adresse et contact:<br \/>\n 13, place du March\u00e9 77580 Cr\u00e9cy la Chapelle<br \/>\n T\u00e9l: 0175783863<br \/>\n Portable: 0630423458<br \/>\n E-mail: sc77.crecy@sfr.fr<\/p>\n<div align=\"center\"><img decoding=\"async\" src=\"\/IMG\/jpg\/SC-Noel5.jpg\n\" width=400><\/div>\n<\/div>\n","protected":false},"excerpt":{"rendered":"<p>Samedi 13 d\u00e9cembre comme tous les ans, le traditionnel repas de No\u00f6l a eu lieu et pour la premi\u00e8re fois dans nos nouveaux locaux place du March\u00e9. D\u00e8s 9h30 accueillis et b\u00e9n\u00e9voles relevaient leurs&#46;&#46;&#46;<\/p>\n","protected":false},"author":2,"featured_media":0,"comment_status":"open","ping_status":"open","sticky":false,"template":"","format":"standard","meta":{"footnotes":""},"categories":[],"tags":[],"class_list":["post-807","post","type-post","status-publish","format-standard","hentry"],"_links":{"self":[{"href":"http:\/\/www.chapelle-crecy.com\/index.php?rest_route=\/wp\/v2\/posts\/807","targetHints":{"allow":["GET"]}}],"collection":[{"href":"http:\/\/www.chapelle-crecy.com\/index.php?rest_route=\/wp\/v2\/posts"}],"about":[{"href":"http:\/\/www.chapelle-crecy.com\/index.php?rest_route=\/wp\/v2\/types\/post"}],"author":[{"embeddable":true,"href":"http:\/\/www.chapelle-crecy.com\/index.php?rest_route=\/wp\/v2\/users\/2"}],"replies":[{"embeddable":true,"href":"http:\/\/www.chapelle-crecy.com\/index.php?rest_route=%2Fwp%2Fv2%2Fcomments&post=807"}],"version-history":[{"count":0,"href":"http:\/\/www.chapelle-crecy.com\/index.php?rest_route=\/wp\/v2\/posts\/807\/revisions"}],"wp:attachment":[{"href":"http:\/\/www.chapelle-crecy.com\/index.php?rest_route=%2Fwp%2Fv2%2Fmedia&parent=807"}],"wp:term":[{"taxonomy":"category","embeddable":true,"href":"http:\/\/www.chapelle-crecy.com\/index.php?rest_route=%2Fwp%2Fv2%2Fcategories&post=807"},{"taxonomy":"post_tag","embeddable":true,"href":"http:\/\/www.chapelle-crecy.com\/index.php?rest_route=%2Fwp%2Fv2%2Ftags&post=807"}],"curies":[{"name":"wp","href":"https:\/\/api.w.org\/{rel}","templated":true}]}}