{"id":809,"date":"2015-01-01T23:10:11","date_gmt":"2015-01-01T23:10:11","guid":{"rendered":""},"modified":"-0001-11-30T00:00:00","modified_gmt":"-0001-11-29T22:00:00","slug":"","status":"publish","type":"post","link":"http:\/\/www.chapelle-crecy.com\/?p=809","title":{"rendered":"Bonne ann\u00e9e 2015"},"content":{"rendered":"<div align=\"justify\">En ce d\u00e9but d&rsquo;ann\u00e9e certains prennent des \u00ab\u00a0bonnes r\u00e9solutions\u00a0\u00bb. Et nous allons \u00e9changer des voeux. Mais nous pouvons redouter que voeux et r\u00e9solutions s&rsquo;usent vite \u00e0\u00a0 l&rsquo;\u00e9preuve des jours et des craintes. Or, le mois de janvier est marqu\u00e9 par des grands rendez-vous, \u00e0\u00a0 commencer par le 1er jour : \u00ab\u00a0Sainte Marie m\u00e8re de Dieu\u00a0\u00bb que saint Paul VI a institu\u00e9 comme Journ\u00e9e mondiale de la Paix. Puis dimanche 4 c&rsquo;est l&rsquo;\u00e9piphanie et le 11, le Bapt\u00eame du Seigneur. Et la journ\u00e9e des migrants a lieu la semaine suivante. Voil\u00e0\u00a0 de quoi nous renforcer dans la confiance et dans l&rsquo;universalit\u00e9 de l&rsquo;Amour divin fait homme.<br \/>\nEt si nos voeux sentent la routine voici ce que propose Anselm Gr\u00e0\u00bcn, moine b\u00e9n\u00e9dictin :<br \/>\n\u00ab\u00a0Nous nous abritons souvent derri\u00e8re des formules toutes faites. Or, il serait tout \u00e0\u00a0 fait indiqu\u00e9 de nous mettre chaque fois \u00e0\u00a0 la place de celui \u00e0\u00a0 qui vont nos souhaits, en le prenant pour objet de r\u00e9flexion. De quoi a-t-il besoin pour r\u00e9ussir sa vie ? Qu&rsquo;est-ce qui lui ferait du bien ? O\u00f9 va son d\u00e9sir ? Alors les souhaits seraient r\u00e9ellement une expression de l&rsquo;amiti\u00e9.<br \/>\nR\u00e9fl\u00e9chis \u00e0\u00a0 ce que tu souhaites le plus profond\u00e9ment pour chacun de tes amis, des \u00eatres que tu connais; alors tes voeux atteindront leurs coeurs, ils seront plus qu&rsquo;une simple formule de politesse, ils exprimeront une affection qui peut \u00e9clairer leur vie.\u00a0\u00bb<br \/>\nFr\u00e8res et soeurs, voici les voeux que je vous adresse et qui contiennent tous les autres voeux :<br \/>\n\u00ab\u00a0Que le Seigneur te b\u00e9nisse et te garde !<br \/>\nQue le Seigneur fasse briller sur toi son visage, qu&rsquo;il te prenne en gr ce !<br \/>\nQue le Seigneur tourne vers toi son visage, qu&rsquo;il t&rsquo;apporte la paix !\u00a0\u00bb<br \/>\n(Livre des Nombres, 6, 25-26).<br \/>\nP\u00e8re Thierry LEROY<\/p>\n<p>En ce d\u00e9but d&rsquo;ann\u00e9e 2015, c&rsquo;est la sympathique \u00e9quipe de l&rsquo;antenne du Secours Catholique de Cr\u00e9cy par l&rsquo;interm\u00e9diaire d&rsquo;Alain, qui souhaite \u00e9galement vous pr\u00e9senter ses voeux sinc\u00e8res:<\/p>\n<div align=\"center\"><img decoding=\"async\" src=\"\/IMG\/jpg\/VoeuxSc.jpg\" width=400><\/div>\n<\/div>\n<div align=\"justify\">\n<div align=\"center\"><img decoding=\"async\" src=\"\/IMG\/jpg\/EquipeSc.jpg\" width=400><\/div>\n<\/div>\n","protected":false},"excerpt":{"rendered":"<p>En ce d\u00e9but d&rsquo;ann\u00e9e certains prennent des \u00ab\u00a0bonnes r\u00e9solutions\u00a0\u00bb. Et nous allons \u00e9changer des voeux. Mais nous pouvons redouter que voeux et r\u00e9solutions s&rsquo;usent vite \u00e0\u00a0 l&rsquo;\u00e9preuve des jours et des craintes. Or, le&#46;&#46;&#46;<\/p>\n","protected":false},"author":2,"featured_media":0,"comment_status":"open","ping_status":"open","sticky":false,"template":"","format":"standard","meta":{"footnotes":""},"categories":[],"tags":[],"class_list":["post-809","post","type-post","status-publish","format-standard","hentry"],"_links":{"self":[{"href":"http:\/\/www.chapelle-crecy.com\/index.php?rest_route=\/wp\/v2\/posts\/809","targetHints":{"allow":["GET"]}}],"collection":[{"href":"http:\/\/www.chapelle-crecy.com\/index.php?rest_route=\/wp\/v2\/posts"}],"about":[{"href":"http:\/\/www.chapelle-crecy.com\/index.php?rest_route=\/wp\/v2\/types\/post"}],"author":[{"embeddable":true,"href":"http:\/\/www.chapelle-crecy.com\/index.php?rest_route=\/wp\/v2\/users\/2"}],"replies":[{"embeddable":true,"href":"http:\/\/www.chapelle-crecy.com\/index.php?rest_route=%2Fwp%2Fv2%2Fcomments&post=809"}],"version-history":[{"count":0,"href":"http:\/\/www.chapelle-crecy.com\/index.php?rest_route=\/wp\/v2\/posts\/809\/revisions"}],"wp:attachment":[{"href":"http:\/\/www.chapelle-crecy.com\/index.php?rest_route=%2Fwp%2Fv2%2Fmedia&parent=809"}],"wp:term":[{"taxonomy":"category","embeddable":true,"href":"http:\/\/www.chapelle-crecy.com\/index.php?rest_route=%2Fwp%2Fv2%2Fcategories&post=809"},{"taxonomy":"post_tag","embeddable":true,"href":"http:\/\/www.chapelle-crecy.com\/index.php?rest_route=%2Fwp%2Fv2%2Ftags&post=809"}],"curies":[{"name":"wp","href":"https:\/\/api.w.org\/{rel}","templated":true}]}}