{"id":811,"date":"2014-12-25T01:30:00","date_gmt":"2014-12-25T01:30:00","guid":{"rendered":""},"modified":"-0001-11-30T00:00:00","modified_gmt":"-0001-11-29T22:00:00","slug":"","status":"publish","type":"post","link":"http:\/\/www.chapelle-crecy.com\/?p=811","title":{"rendered":"Seigneur  que votre cr\u00e8che est redoutable!"},"content":{"rendered":"<div align=\"justify\">[Seigneur, que la cr\u00e8che de la Nativit\u00e9->http:\/\/www.eglise.catholique.fr\/actualites\/les-1000-signes-du-porte-parole\/388137-seigneur-creche-redoutable\/], dans laquelle vous \u00eates devenu n tre en J\u00e9sus, est \u00ab subversive \u00bb.<br \/>\n\u00e9videmment, vous le saviez d\u00e9j\u00e0\u00a0, ayant averti les mages de rentrer de Bethl\u00e9em par un autre chemin que celui propos\u00e9 par H\u00e9rode. Mais aviez-vous imagin\u00e9 que l&rsquo;humble mangeoire de votre divine incarnation pourrait, au vingt et uni\u00e8me si\u00e8cle, \u00ab menacer \u00bb \u00e0\u00a0 ce point notre espace public ?<br \/>\nOn sourirait presque de la disproportion de ces \u00ab agitations \u00bb si elles n&rsquo;avaient l&rsquo;ind\u00e9cence d&rsquo;\u00eatre concomitantes au drame v\u00e9cu par nos fr\u00e8res d&rsquo;Orient, chass\u00e9s du berceau m\u00eame du christianisme. Que craint-on donc chez nous, quand on voit combien la cr\u00e8che conna\u00eet une popularit\u00e9 paisible d\u00e9passant largement la sph\u00e8re de ceux qui croient et prient devant elle ?<br \/>\nLe jour o\u00f9 notre soci\u00e9t\u00e9 n&rsquo;aura plus que la cr\u00e8che \u00e0\u00a0 redouter n&rsquo;est pas encore lev\u00e9 !<br \/>\nL&rsquo;appel \u00e0\u00a0 l&rsquo;amour incarn\u00e9 par l&rsquo;enfant de Bethl\u00e9em est plus puissant que tout atome.<br \/>\nMgr Podvin<br \/>\nDans la suite de cet article, retrouvez en pi\u00e8ce jointe, l&rsquo;ensemble des horaires des messes qui se tiendront dans les diff\u00e9rentes paroisses du P\u00f4le missionnaire de Meaux.<\/div>\n","protected":false},"excerpt":{"rendered":"<p>[Seigneur, que la cr\u00e8che de la Nativit\u00e9->http:\/\/www.eglise.catholique.fr\/actualites\/les-1000-signes-du-porte-parole\/388137-seigneur-creche-redoutable\/], dans laquelle vous \u00eates devenu n tre en J\u00e9sus, est \u00ab subversive \u00bb. \u00e9videmment, vous le saviez d\u00e9j\u00e0\u00a0, ayant averti les mages de rentrer de Bethl\u00e9em par&#46;&#46;&#46;<\/p>\n","protected":false},"author":2,"featured_media":0,"comment_status":"open","ping_status":"open","sticky":false,"template":"","format":"standard","meta":{"footnotes":""},"categories":[],"tags":[],"class_list":["post-811","post","type-post","status-publish","format-standard","hentry"],"_links":{"self":[{"href":"http:\/\/www.chapelle-crecy.com\/index.php?rest_route=\/wp\/v2\/posts\/811","targetHints":{"allow":["GET"]}}],"collection":[{"href":"http:\/\/www.chapelle-crecy.com\/index.php?rest_route=\/wp\/v2\/posts"}],"about":[{"href":"http:\/\/www.chapelle-crecy.com\/index.php?rest_route=\/wp\/v2\/types\/post"}],"author":[{"embeddable":true,"href":"http:\/\/www.chapelle-crecy.com\/index.php?rest_route=\/wp\/v2\/users\/2"}],"replies":[{"embeddable":true,"href":"http:\/\/www.chapelle-crecy.com\/index.php?rest_route=%2Fwp%2Fv2%2Fcomments&post=811"}],"version-history":[{"count":0,"href":"http:\/\/www.chapelle-crecy.com\/index.php?rest_route=\/wp\/v2\/posts\/811\/revisions"}],"wp:attachment":[{"href":"http:\/\/www.chapelle-crecy.com\/index.php?rest_route=%2Fwp%2Fv2%2Fmedia&parent=811"}],"wp:term":[{"taxonomy":"category","embeddable":true,"href":"http:\/\/www.chapelle-crecy.com\/index.php?rest_route=%2Fwp%2Fv2%2Fcategories&post=811"},{"taxonomy":"post_tag","embeddable":true,"href":"http:\/\/www.chapelle-crecy.com\/index.php?rest_route=%2Fwp%2Fv2%2Ftags&post=811"}],"curies":[{"name":"wp","href":"https:\/\/api.w.org\/{rel}","templated":true}]}}