{"id":812,"date":"2015-01-03T23:52:11","date_gmt":"2015-01-03T23:52:11","guid":{"rendered":""},"modified":"-0001-11-30T00:00:00","modified_gmt":"-0001-11-29T22:00:00","slug":"","status":"publish","type":"post","link":"http:\/\/www.chapelle-crecy.com\/?p=812","title":{"rendered":"Annonces de la semaine du 5 au 11 janvier 2015"},"content":{"rendered":"<table bgcolor =\"F0FAFF\" border=0>\n<tbody>\n<tr>\n<td>\n<div align=\"justify\">\n<div \"762\">Voici les annonces de la p\u00e9riode du lundi 5 au dimanche 11 janvier 2015 pour la paroisse des 3 clochers Cr\u00e9cy-la-Chapelle, Villiers-sur-Morin, Voulangis. <br \/>\nSamedi 10 \u00e0\u00a0 18 h 30, messe \u00e0\u00a0 Voulangis<br \/>\nDimanche 11 \u00e0\u00a0 10 h 00, messe \u00e0\u00a0 Cr\u00e9cy <br \/>\nRetrouvez tous les d\u00e9tails dans la suite &#8230;<\/div>\n<\/div>\n<\/td>\n<\/tr>\n<\/tbody>\n<\/table>\n<table bgcolor =\"F0F6FF\" border=0>\n<tbody>\n<tr>\n<td width=\"25%\"><font color=\"00CC00\">Lundi 5 janvier<\/font><\/td>\n<td><font color=\"00CC00\"><br \/>\n17 h &#8211; Messe \u00e0 la Maison de Retraite.<\/font>\n<\/td>\n<td><font color=\"00CC00\"><\/p>\n<div align=\"center\"><img decoding=\"async\" src=\"\/IMG\/jpg\/MR_Crecy_2.jpg\" width=150><\/div>\n<p><\/font><\/td>\n<\/tr>\n<tr>\n<td><font color=\"B4B000\">Mardi 6 janvier<\/font><\/td>\n<td><font color=\"B4B000\">18 h &#8211; Messe \u00e0 Cr\u00e9cy pour Claude LAUX et Olivier LANDRIEUX<br \/>\n<\/font><\/td>\n<td><font color=\"B4B000\">20 h 30  R\u00e9union de l&rsquo;Equipe d&rsquo;Animation  Pastorale.<br \/>\n<\/font><\/td>\n<\/tr>\n<tr>\n<td><font color=\"0022CC\">Mercredi 7 janvier<\/font><\/td>\n<td><font color=\"0022CC\">9 h  Messe \u00e0 Cr\u00e9cy pour Claudie SIMON et Christian CAILLOT.<br \/>\n<\/font><\/td>\n<td><font color=\"0022CC\"><\/p>\n<div align=\"center\"><img decoding=\"async\" src=\"\/IMG\/lieux\/bonsecours.jpg\"  width=150><\/div>\n<p><\/font><\/td>\n<\/tr>\n<tr>\n<td width=\"25%\"><font color=\"00CC00\">Jeudi 8 janvier<\/font><\/td>\n<td><font color=\"00CC00\"><\/p>\n<div align=\"center\"><img decoding=\"async\" src=\"\/IMG\/lieux\/superga2.jpg\"  width=150 ><\/div>\n<p><\/font>\n<\/td>\n<td><font color=\"00CC00\">9 h &#8211; Messe \u00e0 Cr\u00e9cy pour Jean-Yves LAIGROZ et William DESJARDINS.<br \/>\n<\/font><\/td>\n<\/tr>\n<tr>\n<td><font color=\"B4B000\">Vendredi 9 janvier<\/font><\/td>\n<td><font color=\"B4B000\">9 h &#8211; Messe \u00e0 Cr\u00e9cy pour Raymonde LEROUX et Michel DEDIEU.<br \/>\n<\/font><\/td>\n<td><font color=\"B4B000\">9 h 30  Temps d&rsquo;adoration du St Sacrement \u00e0 la chapelle de la Vierge.<br \/>\n<\/font><\/td>\n<\/tr>\n<tr >\n<td><font color=\"0022CC\">Samedi 10 janvier <\/font><\/td>\n<p><\/font><\/td>\n<td><font color=\"0022CC\"><\/p>\n<div align=\"center\"><img decoding=\"async\" src=\"\/IMG\/lieux\/voulangis_eglise4.jpg\"  width=150><\/div>\n<td><font color=\"0022CC\"><br \/>\n18 h 30 &#8211; Messe \u00e0 Voulangis pour Jean ROSIER et Roger COLLE<br \/>\net Bapt\u00eame de Damien PIEDNOEL.<br \/>\n<\/font><\/td>\n<\/tr>\n<tr>\n<td><font color=\"00CC00\">Dimanche 11 janvier<br \/><i><br \/>\nBapt\u00eame du Seigneur<\/i> <\/font><\/td>\n<td><font color=\"00CC00\">Messe \u00e0 Cr\u00e9cy \u00e0 10 heures. Ce sera une Messe d&rsquo;action de gr\u00e2ce pour SAGBO ELECBO BARNABE.<br \/>Nous prierons pour Andr\u00e9 CHAMPIN et Lionel TANGUY.<br \/>\n<\/font><\/td>\n<td><font color=\"00CC00\"><\/p>\n<div align=\"center\"><img decoding=\"async\" src=\"\/IMG\/lieux\/stgeorges17.jpg\"  width = 150  >  <\/tr > <\/tbody>\n<\/table>\n<p><font color=\"FF6600\">Apr\u00e8s les messes de samedi et dimanche, vente des billets pour le repas de l&rsquo;amiti\u00e9 du 31 janvier<\/font><\/p>\n","protected":false},"excerpt":{"rendered":"<p>Voici les annonces de la p\u00e9riode du lundi 5 au dimanche 11 janvier 2015 pour la paroisse des 3 clochers Cr\u00e9cy-la-Chapelle, Villiers-sur-Morin, Voulangis. Samedi 10 \u00e0\u00a0 18 h 30, messe \u00e0\u00a0 Voulangis Dimanche 11&#46;&#46;&#46;<\/p>\n","protected":false},"author":2,"featured_media":0,"comment_status":"open","ping_status":"open","sticky":false,"template":"","format":"standard","meta":{"footnotes":""},"categories":[],"tags":[],"class_list":["post-812","post","type-post","status-publish","format-standard","hentry"],"_links":{"self":[{"href":"http:\/\/www.chapelle-crecy.com\/index.php?rest_route=\/wp\/v2\/posts\/812","targetHints":{"allow":["GET"]}}],"collection":[{"href":"http:\/\/www.chapelle-crecy.com\/index.php?rest_route=\/wp\/v2\/posts"}],"about":[{"href":"http:\/\/www.chapelle-crecy.com\/index.php?rest_route=\/wp\/v2\/types\/post"}],"author":[{"embeddable":true,"href":"http:\/\/www.chapelle-crecy.com\/index.php?rest_route=\/wp\/v2\/users\/2"}],"replies":[{"embeddable":true,"href":"http:\/\/www.chapelle-crecy.com\/index.php?rest_route=%2Fwp%2Fv2%2Fcomments&post=812"}],"version-history":[{"count":0,"href":"http:\/\/www.chapelle-crecy.com\/index.php?rest_route=\/wp\/v2\/posts\/812\/revisions"}],"wp:attachment":[{"href":"http:\/\/www.chapelle-crecy.com\/index.php?rest_route=%2Fwp%2Fv2%2Fmedia&parent=812"}],"wp:term":[{"taxonomy":"category","embeddable":true,"href":"http:\/\/www.chapelle-crecy.com\/index.php?rest_route=%2Fwp%2Fv2%2Fcategories&post=812"},{"taxonomy":"post_tag","embeddable":true,"href":"http:\/\/www.chapelle-crecy.com\/index.php?rest_route=%2Fwp%2Fv2%2Ftags&post=812"}],"curies":[{"name":"wp","href":"https:\/\/api.w.org\/{rel}","templated":true}]}}