{"id":819,"date":"2015-01-19T20:11:00","date_gmt":"2015-01-19T20:11:00","guid":{"rendered":""},"modified":"-0001-11-30T00:00:00","modified_gmt":"-0001-11-29T22:00:00","slug":"","status":"publish","type":"post","link":"http:\/\/www.chapelle-crecy.com\/?p=819","title":{"rendered":"Ecclesia Campus un rassemblement national \u00e9tudiant 2.0"},"content":{"rendered":"<div align=\"justify\">\nDes \u00ab mini-JMJ \u00bb<br \/>\n[Ecclesia Campus-> https:\/\/www.youtube.com\/watch?v=mJ5bPJAmjRU] est un WE national de formation, de rencontres, de pri\u00e8re et de f\u00eate organis\u00e9 par le R\u00e9seau Ecclesia Campus qui anime les 230 aum neries \u00e9tudiantes et communaut\u00e9s de Chr\u00e9tiens en Grande Ecole pr\u00e9sentes dans toutes les villes universitaires de France.<\/p>\n<div align=\"center\"><img decoding=\"async\" src=\"\/IMG\/jpg\/Ecclesia.jpg\" width=400><\/div>\n<p>Dans l&rsquo;\u00e9lan de la 1\u00e8re \u00e9dition de Rennes en 2012 (avec 2500 \u00e9tudiants de toutes fili\u00e8res), Grenoble, ville \u00e9tudiante d&rsquo;innovation au coeur des montagnes avec une pastorale \u00e9tudiante tr\u00e8s dynamique Is\u00e8reanybody?, se pr\u00e9pare \u00e0\u00a0 accueillir ces \u00ab mini-JMJ \u00bb.<br \/>\nEcclesia Campus devient le plus grand rassemblement \u00e9tudiant non sportif de France !\n<\/p><\/div>\n<div align=\"justify\">\u00ab Ose la confiance ! \u00bb<br \/>\n C&rsquo;est le th\u00e8me retenu apr\u00e8s consultation des acteurs de la pastorale \u00e9tudiante qui rejoint chaque semaine plus de 12 000 \u00e9tudiants dans ses activit\u00e9s. Un th\u00e8me particuli\u00e8rement d&rsquo;actualit\u00e9 dans un contexte socio-\u00e9conomique qui g\u00e9n\u00e8re chez les jeunes beaucoup de peurs et de manques de confiance en soi, dans les autres, dans les institutions, dans l&rsquo;avenir\u00e2\u20ac\u00a6 Ce th\u00e8me sera abord\u00e9 sous ces diff\u00e9rents angles.<\/p>\n<p> Un rassemblement 2.0<br \/>\n Avec une \u00e9quipe pilote compos\u00e9 de 3 aum\u00f4niers et 3 \u00e9tudiants en responsabilit\u00e9 nationale \u00e0 Paris et locale \u00e0 Grenoble, c&rsquo;est plus 75 groupes \u00e9tudiants locaux qui pr\u00e9parent chacun un morceau du week-end soit 2 conf\u00e9rences pl\u00e9ni\u00e8res, 40 ateliers, 12 temps de pri\u00e8re, 8 tables rondes, 2 messes, mais aussi des moments plus festifs comme la veill\u00e9e concert et un mini-p\u00e8lerinage en montagne.<br \/>\n Par ailleurs, plusieurs commissions d&rsquo;\u00e9tudiants grenoblois d&rsquo; \u00ab Is\u00e8reanybody? \u00bb ont en charge l&rsquo;organisation logistique de ce rassemblement qui aura lieu au Summun et dans diff\u00e9rentes salles du centre-ville de Grenoble. 500 familles de toutes les paroisses de l&rsquo;agglom\u00e9ration h\u00e9bergeront les jeunes venus de toute la France.<\/p>\n<p> Des intervenants connus et divers<br \/>\n Ce temps fort de partage, de r\u00e9flexion, et de recul permettra aux \u00e9tudiants de d&rsquo;\u00e9changer avec de grands intervenants comme Dominique Quinio (directrice de la r\u00e9daction de la Croix), Fran\u00e7ois-Xavier Bellamy (philosophe), Eric Piolle (maire de Grenoble), P. Georges Vandenbeusch (ancien otage), Jean-Marc Potdevin (entrepreneur) ou encore P. Jean-Pierre Longeat (Pr\u00e9sident de la conf\u00e9rence des religieux(ses) de France)\u00e2\u20ac\u00a6 Deux \u00e9v\u00eaques seront pr\u00e9sents : Mgr de K\u00e9rimel, \u00e9v\u00eaque de Grenoble-Vienne et Mgr Percerou, \u00e9v\u00eaque de Moulins, accompagnateur national de la pastorale \u00e9tudiante.<\/p>\n<div align=\"center\"><img decoding=\"async\" src=\"\/IMG\/jpg\/Francois1.jpg\" width=100><\/div>\n<p> Quel cap pour ma vie ?<br \/>\n Ecclesia Campus est une v\u00e9ritable pause offerte \u00e0 chaque jeune pour s&rsquo;interroger sur ses engagements, son avenir et sa vocation.<br \/>\nTout au long du WE, en r\u00e9ponse \u00e0 l&rsquo;interrogation forte de cette g\u00e9n\u00e9ration en qu\u00eate de sens, un espace \u00e9coute sera propos\u00e9 avec des animations\/t\u00e9moignages sur les diff\u00e9rentes vocations et un forum de la solidarit\u00e9 avec de nombreux partenaires associatifs. En lien avec l&rsquo;ann\u00e9e de la vie consacr\u00e9e lanc\u00e9e par le Pape Fran\u00e7ois, \u00e0 la veille du 2 f\u00e9vrier (f\u00eate de la vie consacr\u00e9e) une religieuse renouvellera ses voeux durant la messe d&rsquo;envoi.<\/p>\n<\/div>\n","protected":false},"excerpt":{"rendered":"<p>Des \u00ab mini-JMJ \u00bb [Ecclesia Campus-> https:\/\/www.youtube.com\/watch?v=mJ5bPJAmjRU] est un WE national de formation, de rencontres, de pri\u00e8re et de f\u00eate organis\u00e9 par le R\u00e9seau Ecclesia Campus qui anime les 230 aum neries \u00e9tudiantes et&#46;&#46;&#46;<\/p>\n","protected":false},"author":2,"featured_media":0,"comment_status":"open","ping_status":"open","sticky":false,"template":"","format":"standard","meta":{"footnotes":""},"categories":[],"tags":[],"class_list":["post-819","post","type-post","status-publish","format-standard","hentry"],"_links":{"self":[{"href":"http:\/\/www.chapelle-crecy.com\/index.php?rest_route=\/wp\/v2\/posts\/819","targetHints":{"allow":["GET"]}}],"collection":[{"href":"http:\/\/www.chapelle-crecy.com\/index.php?rest_route=\/wp\/v2\/posts"}],"about":[{"href":"http:\/\/www.chapelle-crecy.com\/index.php?rest_route=\/wp\/v2\/types\/post"}],"author":[{"embeddable":true,"href":"http:\/\/www.chapelle-crecy.com\/index.php?rest_route=\/wp\/v2\/users\/2"}],"replies":[{"embeddable":true,"href":"http:\/\/www.chapelle-crecy.com\/index.php?rest_route=%2Fwp%2Fv2%2Fcomments&post=819"}],"version-history":[{"count":0,"href":"http:\/\/www.chapelle-crecy.com\/index.php?rest_route=\/wp\/v2\/posts\/819\/revisions"}],"wp:attachment":[{"href":"http:\/\/www.chapelle-crecy.com\/index.php?rest_route=%2Fwp%2Fv2%2Fmedia&parent=819"}],"wp:term":[{"taxonomy":"category","embeddable":true,"href":"http:\/\/www.chapelle-crecy.com\/index.php?rest_route=%2Fwp%2Fv2%2Fcategories&post=819"},{"taxonomy":"post_tag","embeddable":true,"href":"http:\/\/www.chapelle-crecy.com\/index.php?rest_route=%2Fwp%2Fv2%2Ftags&post=819"}],"curies":[{"name":"wp","href":"https:\/\/api.w.org\/{rel}","templated":true}]}}