{"id":820,"date":"2015-01-25T20:44:41","date_gmt":"2015-01-25T20:44:41","guid":{"rendered":""},"modified":"-0001-11-30T00:00:00","modified_gmt":"-0001-11-29T22:00:00","slug":"","status":"publish","type":"post","link":"http:\/\/www.chapelle-crecy.com\/?p=820","title":{"rendered":"Annonces de la semaine du 26 janvier au 1er f\u00e9vrier 2015"},"content":{"rendered":"<table bgcolor =\"F0FAFF\" border=0>\n<tbody>\n<tr>\n<td>\n<div align=\"justify\">\n<div \"770\">Voici les annonces de la p\u00e9riode du lundi 26 janvier au dimanche 1er f\u00e9vrier 2015 pour la paroisse des 3 clochers Cr\u00e9cy-la-Chapelle, Villiers-sur-Morin, Voulangis. <\/p>\n<p>Samedi 31 \u00e0\u00a0 18 h 30, messe \u00e0\u00a0 Voulangis<br \/>\nSamedi 31 \u00e0\u00a0 19 h 45, \u00e0\u00a0 Voulangis, soir\u00e9e de l&rsquo;amiti\u00e9<br \/>\nDimanche 1er \u00e0\u00a0 10 h 30, messe \u00e0\u00a0 Cr\u00e9cy <\/p>\n<p>Retrouvez tous les d\u00e9tails dans la suite &#8230;<\/p><\/div>\n<\/div>\n<\/td>\n<\/tr>\n<\/tbody>\n<\/table>\n<table bgcolor =\"F0F6FF\" border=0>\n<tbody>\n<tr>\n<td width=\"25%\"><font color=\"882222\">Lundi 26 janvier<\/font><\/td>\n<td><font color=\"882222\">17 h &#8211; C\u00e9l\u00e9bration \u00e0 la Maison de Retraite.<\/font><\/td>\n<td><font color=\"882222\"><br \/>\n20 h &#8211;  R\u00e9union de l&rsquo;Equipe du journal \u00ab ECHO DE LA VALLEE \u00bb<br \/>\n<\/font>\n<\/td>\n<\/tr>\n<tr>\n<td><font color=\"0022CC\">Mercredi 28 janvier<br \/>\n<i>St Thomas d&rsquo;Aquin<\/i><\/font><\/td>\n<td><font color=\"0022CC\"><\/p>\n<div align=\"center\"><img decoding=\"async\" src=\"\/IMG\/personnes\/thomas_daquin.jpg\"  width=150><\/div>\n<p><\/font><\/td>\n<td><font color=\"0022CC\">18 h  Messe \u00e0 Cr\u00e9cy pour Violette CHILLY et Denise HOLLANDERS.<br \/>\n<\/font><\/td>\n<\/tr>\n<tr>\n<td><font color=\"882222\">Jeudi 29 janvier<\/font><\/td>\n<td><font color=\"882222\">15 h &#8211; S\u00e9pulture de Mme Nauroy n\u00e9e Desolin Marie-Jos\u00e9 \u00e0 Villiers.<\/div>\n<p><\/font><\/td>\n<td><font color=\"882222\">18 h &#8211; Messe \u00e0 Cr\u00e9cy pour Gilberte POTDEVIN et Maria AZEVEDO.<br \/>\n<\/font><\/td>\n<\/tr>\n<tr>\n<td width=\"25%\"><font color=\"00CC00\">Vendredi 30 janvier<\/font><\/td>\n<td><font color=\"00CC00\">9 h  Messe \u00e0 Cr\u00e9cy pour Edith RIGOLLET et Guy LAGORCE<\/font><\/td>\n<td><font color=\"00CC00\"><br \/>\n20 h &#8211; R\u00e9union de Pr\u00e9paration au Mariage \u00e0 la salle paroissiale.<br \/>\n<\/font>\n<\/td>\n<\/tr>\n<tr >\n<td><font color=\"0022CC\">Samedi 31 janvier <br \/>\n<i>St Jean Bosco<\/i><\/font><\/td>\n<p><\/font><\/td>\n<td><font color=\"0022CC\"><br \/>\n18 h 30 &#8211; Messe \u00e0 Voulangis pour Lucette BRASILLIER et Michel DEDIEU.<br \/>\n19 h 45 &#8211; Repas de l&rsquo;amiti\u00e9 au 104 \u00e0 Voulangis.<\/p>\n<p><\/font><\/td>\n<td><font color=\"0022CC\"><\/p>\n<div align=\"center\"><img decoding=\"async\" src=\"\/IMG\/lieux\/voulangis_eglise4.jpg\"  width=150><\/div>\n<\/tr>\n<tr>\n<td><font color=\"882222\">Dimanche 1er f\u00e9vrier<\/font><\/td>\n<p><\/font><\/td>\n<td><font color=\"882222\"><\/p>\n<div align=\"center\"><img decoding=\"async\" src=\"\/IMG\/lieux\/stgeorges14.jpg\"  width = 150  >\n<\/td>\n<td><font color=\"882222\">Messe \u00e0 Cr\u00e9cy pour Pascal DUBUS et Lucien GORRET.<\/p>\n<\/tr > <\/tbody>\n<\/table>\n","protected":false},"excerpt":{"rendered":"<p>Voici les annonces de la p\u00e9riode du lundi 26 janvier au dimanche 1er f\u00e9vrier 2015 pour la paroisse des 3 clochers Cr\u00e9cy-la-Chapelle, Villiers-sur-Morin, Voulangis. Samedi 31 \u00e0\u00a0 18 h 30, messe \u00e0\u00a0 Voulangis Samedi&#46;&#46;&#46;<\/p>\n","protected":false},"author":2,"featured_media":0,"comment_status":"open","ping_status":"open","sticky":false,"template":"","format":"standard","meta":{"footnotes":""},"categories":[],"tags":[],"class_list":["post-820","post","type-post","status-publish","format-standard","hentry"],"_links":{"self":[{"href":"http:\/\/www.chapelle-crecy.com\/index.php?rest_route=\/wp\/v2\/posts\/820","targetHints":{"allow":["GET"]}}],"collection":[{"href":"http:\/\/www.chapelle-crecy.com\/index.php?rest_route=\/wp\/v2\/posts"}],"about":[{"href":"http:\/\/www.chapelle-crecy.com\/index.php?rest_route=\/wp\/v2\/types\/post"}],"author":[{"embeddable":true,"href":"http:\/\/www.chapelle-crecy.com\/index.php?rest_route=\/wp\/v2\/users\/2"}],"replies":[{"embeddable":true,"href":"http:\/\/www.chapelle-crecy.com\/index.php?rest_route=%2Fwp%2Fv2%2Fcomments&post=820"}],"version-history":[{"count":0,"href":"http:\/\/www.chapelle-crecy.com\/index.php?rest_route=\/wp\/v2\/posts\/820\/revisions"}],"wp:attachment":[{"href":"http:\/\/www.chapelle-crecy.com\/index.php?rest_route=%2Fwp%2Fv2%2Fmedia&parent=820"}],"wp:term":[{"taxonomy":"category","embeddable":true,"href":"http:\/\/www.chapelle-crecy.com\/index.php?rest_route=%2Fwp%2Fv2%2Fcategories&post=820"},{"taxonomy":"post_tag","embeddable":true,"href":"http:\/\/www.chapelle-crecy.com\/index.php?rest_route=%2Fwp%2Fv2%2Ftags&post=820"}],"curies":[{"name":"wp","href":"https:\/\/api.w.org\/{rel}","templated":true}]}}