{"id":821,"date":"2015-02-01T09:00:00","date_gmt":"2015-02-01T09:00:00","guid":{"rendered":""},"modified":"-0001-11-30T00:00:00","modified_gmt":"-0001-11-29T22:00:00","slug":"","status":"publish","type":"post","link":"http:\/\/www.chapelle-crecy.com\/?p=821","title":{"rendered":"Serviteurs du Royaume qui vient"},"content":{"rendered":"<div align=\"justify\">Pourquoi J\u00e9sus nous parle-t-il en paraboles ? Pourquoi ne nous dit-il pas plus clairement ce qu&rsquo;il attend de nous ? Ne serait-ce pas plus simple de nous adresser des consignes pour l&rsquo;action, des consignes directes et imp\u00e9ratives?<br \/>\nLes plus cart\u00e9siens d&rsquo;entre nous doivent \u00eatre bien d\u00e9rout\u00e9s.<br \/>\nEn r\u00e9ponse \u00e0\u00a0 ces questions d&rsquo;aujourd&rsquo;hui, notre \u00e9v\u00eaque Mgr Jean-Yves Nahmias a mis en ligne via le site de Mission en Actes [www.missionenactes.fr->www.missionenactes.fr] quelques pistes de r\u00e9flexions que nous vous conseillons de consulter.<br \/>\nDe plus, l&rsquo;enseignement catholique et le Service Dioc\u00e9sain de la Cat\u00e9ch\u00e8se<br \/>\nest heureux de vous inviter \u00e0\u00a0 une journ\u00e9e de r\u00e9collection pour le<br \/>\ncar\u00eame, sur le th\u00e8me:<\/p>\n<p>Un jour pour Dieu, un jour pour soi<\/p>\n<p>\u00ab\u00a0SERVITEURS DU ROYAUME QUI VIENT\u00a0\u00bb<\/p>\n<p>MARDI 3 MARS 2015 \u00e0\u20ac AVON<br \/>\navec le P\u00e8re Beno\u00eet Lemoine<\/p>\n<p>MERCI DE VOUS INSCRIRE AVANT LE 10 F\u00e9VRIER 2015 (aupr\u00e8s du SDC)\n<\/p><\/div>\n<div align=\"justify\">\nNotre P\u00e8re, que ton r\u00e8gne vienne<br \/>\nUn peuple ardent \u00e0 annoncer l&rsquo;Evangile<\/p>\n<p> Rayonnons de la joie de l&rsquo;Evangile !<\/p>\n<p>Avec des mots simples, le pape Fran\u00e7ois a su nous redire le dynamisme profond de la vie chr\u00e9tienne : la joie de se savoir aim\u00e9, la joie<br \/>\nd&rsquo;annoncer \u00e0 nos fr\u00e8res l&rsquo;Evangile du Christ. En Seine-et-Marne, il est<br \/>\nd\u00e9j\u00e0 vivant ce peuple rassembl\u00e9 dans la joie de l&rsquo;Evangile ; un peuple<br \/>\nde toutes races et aux langues multiples qui t\u00e9moigne d&rsquo;une vraie<br \/>\nfraternit\u00e9. Le Royaume est d\u00e9j\u00e0 l\u00e0 !<br \/>\nMon souhait est que Mission en actes, par cette \u00e9coute eccl\u00e9siale des<br \/>\nparaboles du Royaume, nous donne de recevoir une maturit\u00e9 plus<br \/>\ngrande au service de l&rsquo;annonce de l&rsquo;Evangile.<br \/>\nQue Dieu nous donne l&rsquo;enthousiasme de la foi et le z\u00e8le des ap\u00f4tres !<\/p>\n<p> 12 janvier 2015<\/p>\n<p> Jean-Yves Nahmias<br \/>\n Ev\u00eaque de Meaux<\/p>\n<div align=\"center\"><img decoding=\"async\" src=\"\/IMG\/jpg\/serviteurs1.jpg\" width=400><\/div>\n<div align=\"center\"><img decoding=\"async\" src=\"\/IMG\/jpg\/Serviteurs2.jpg\" width=400><\/div>\n<div align=\"center\"><img decoding=\"async\" src=\"\/IMG\/jpg\/Serviteurs3.jpg\" width=400><\/div>\n<\/div>\n","protected":false},"excerpt":{"rendered":"<p>Pourquoi J\u00e9sus nous parle-t-il en paraboles ? Pourquoi ne nous dit-il pas plus clairement ce qu&rsquo;il attend de nous ? Ne serait-ce pas plus simple de nous adresser des consignes pour l&rsquo;action, des consignes&#46;&#46;&#46;<\/p>\n","protected":false},"author":2,"featured_media":0,"comment_status":"open","ping_status":"open","sticky":false,"template":"","format":"standard","meta":{"footnotes":""},"categories":[],"tags":[],"class_list":["post-821","post","type-post","status-publish","format-standard","hentry"],"_links":{"self":[{"href":"http:\/\/www.chapelle-crecy.com\/index.php?rest_route=\/wp\/v2\/posts\/821","targetHints":{"allow":["GET"]}}],"collection":[{"href":"http:\/\/www.chapelle-crecy.com\/index.php?rest_route=\/wp\/v2\/posts"}],"about":[{"href":"http:\/\/www.chapelle-crecy.com\/index.php?rest_route=\/wp\/v2\/types\/post"}],"author":[{"embeddable":true,"href":"http:\/\/www.chapelle-crecy.com\/index.php?rest_route=\/wp\/v2\/users\/2"}],"replies":[{"embeddable":true,"href":"http:\/\/www.chapelle-crecy.com\/index.php?rest_route=%2Fwp%2Fv2%2Fcomments&post=821"}],"version-history":[{"count":0,"href":"http:\/\/www.chapelle-crecy.com\/index.php?rest_route=\/wp\/v2\/posts\/821\/revisions"}],"wp:attachment":[{"href":"http:\/\/www.chapelle-crecy.com\/index.php?rest_route=%2Fwp%2Fv2%2Fmedia&parent=821"}],"wp:term":[{"taxonomy":"category","embeddable":true,"href":"http:\/\/www.chapelle-crecy.com\/index.php?rest_route=%2Fwp%2Fv2%2Fcategories&post=821"},{"taxonomy":"post_tag","embeddable":true,"href":"http:\/\/www.chapelle-crecy.com\/index.php?rest_route=%2Fwp%2Fv2%2Ftags&post=821"}],"curies":[{"name":"wp","href":"https:\/\/api.w.org\/{rel}","templated":true}]}}