{"id":822,"date":"2015-02-01T17:36:21","date_gmt":"2015-02-01T17:36:21","guid":{"rendered":""},"modified":"-0001-11-30T00:00:00","modified_gmt":"-0001-11-29T22:00:00","slug":"","status":"publish","type":"post","link":"http:\/\/www.chapelle-crecy.com\/?p=822","title":{"rendered":"Annonces de la semaine du 2 au 8 f\u00e9vrier 2015"},"content":{"rendered":"<table bgcolor =\"F0FAFF\" border=0>\n<tbody>\n<tr>\n<td>\n<div align=\"justify\">\n<div \"772\">Voici les annonces de la p\u00e9riode du lundi 2 au dimanche 8 f\u00e9vrier 2015 pour la paroisse des 3 clochers Cr\u00e9cy-la-Chapelle, Villiers-sur-Morin, Voulangis. <\/p>\n<p>Samedi 7 \u00e0\u00a0 18 h 30, messe \u00e0\u00a0 Villiers<br \/>\nDimanche 8 \u00e0\u00a0 10 h 30, messe \u00e0\u00a0 Cr\u00e9cy <\/p>\n<p>Retrouvez tous les d\u00e9tails dans la suite &#8230;<\/p><\/div>\n<\/div>\n<\/td>\n<\/tr>\n<\/tbody>\n<\/table>\n<table bgcolor =\"F0F6FF\" border=0>\n<tbody>\n<tr>\n<td width=\"25%\"><font color=\"882222\">Lundi 2 f\u00e9vrier<br \/>\n<i>Pr\u00e9sentation du Seigneur<\/i><\/font><\/td>\n<td><font color=\"882222\">14 h 30  R\u00e9union de l&rsquo;Equipe du Rosaire chez madame LOUIS.<\/font><\/td>\n<td><font color=\"882222\"><br \/>\n17  h  C\u00e9l\u00e9bration \u00e0 la Maison de Retraite<br \/>\n<\/font>\n<\/td>\n<\/tr>\n<tr>\n<td><font color=\"0022CC\">Mercredi 4 f\u00e9vrier<br \/>\n<i>Sainte V\u00e9ronique<\/i><\/font><\/td>\n<td><font color=\"0022CC\"><\/p>\n<div align=\"center\"><img decoding=\"async\" src=\"\/IMG\/personnes\/veronique.jpg\"  width=150><\/div>\n<p><\/font><\/td>\n<td><font color=\"0022CC\">18 h  Messe \u00e0 Cr\u00e9cy pour Gis\u00e8le LANDRIN et Liliane THIOUX.<br \/>\n<\/font><\/td>\n<\/tr>\n<tr>\n<td><font color=\"882222\">Jeudi 5 f\u00e9vrier<br \/>\n<i>Ste Agathe, Vierge et martyre<\/i><\/font><\/td>\n<td><font color=\"882222\">18 h &#8211; Messe \u00e0 Cr\u00e9cy pour Paule THOMAS et Marie-France HERTIG.<br \/>\n<\/font><\/td>\n<td><font color=\"882222\"><\/p>\n<div align=\"center\"><img decoding=\"async\" src=\"\/IMG\/personnes\/agathe.jpg\"  width=150><\/div>\n<p><\/font><\/td>\n<\/tr>\n<tr>\n<td width=\"25%\"><font color=\"00CC00\">Vendredi 6 f\u00e9vrier<br \/>\n<i>Sts martyrs du Japon<\/i><\/font><\/td>\n<td><font color=\"00CC00\">9 h  Messe \u00e0 Cr\u00e9cy pour Andr\u00e9e COFFININER et Olivier LICHTY.<\/font><\/td>\n<td><font color=\"00CC00\">15 h  A Cr\u00e9cy, obs\u00e8ques de M. MARTINAND.<\/font><\/td>\n<\/tr>\n<tr >\n<td><font color=\"0022CC\">Samedi 7 f\u00e9vrier <br \/>\n<i>St Jean Bosco<\/i><\/font><\/td>\n<p><\/font><\/td>\n<td><font color=\"0022CC\"><br \/>\n18 h 30 &#8211; Messe \u00e0 Villiers pour  Simone GIGOT et Claudine AVANZINI.<\/p>\n<p><\/font><\/td>\n<td><font color=\"0022CC\"><\/p>\n<div align=\"center\"><img decoding=\"async\" src=\"\/IMG\/lieux\/villiers_eglise2.jpg\"  width=150><\/div>\n<\/tr>\n<tr>\n<td><font color=\"882222\">Dimanche 8 f\u00e9vrier<\/font><\/td>\n<p><\/font><\/td>\n<td><font color=\"882222\"><\/p>\n<div align=\"center\"><img decoding=\"async\" src=\"\/IMG\/lieux\/stgeorges16.jpg\"  width = 150  >\n<\/td>\n<td><font color=\"882222\">10 h 30  A Cr\u00e9cy , Messe anniversaire pour Marguerite-Marie PANHARD.<br \/>\nNous  prierons aussi pour Paulette LOINTIER, r\u00e9cemment d\u00e9c\u00e9d\u00e9e.<\/p>\n<\/tr > <\/tbody>\n<\/table>\n","protected":false},"excerpt":{"rendered":"<p>Voici les annonces de la p\u00e9riode du lundi 2 au dimanche 8 f\u00e9vrier 2015 pour la paroisse des 3 clochers Cr\u00e9cy-la-Chapelle, Villiers-sur-Morin, Voulangis. Samedi 7 \u00e0\u00a0 18 h 30, messe \u00e0\u00a0 Villiers Dimanche 8&#46;&#46;&#46;<\/p>\n","protected":false},"author":2,"featured_media":0,"comment_status":"open","ping_status":"open","sticky":false,"template":"","format":"standard","meta":{"footnotes":""},"categories":[],"tags":[],"class_list":["post-822","post","type-post","status-publish","format-standard","hentry"],"_links":{"self":[{"href":"http:\/\/www.chapelle-crecy.com\/index.php?rest_route=\/wp\/v2\/posts\/822","targetHints":{"allow":["GET"]}}],"collection":[{"href":"http:\/\/www.chapelle-crecy.com\/index.php?rest_route=\/wp\/v2\/posts"}],"about":[{"href":"http:\/\/www.chapelle-crecy.com\/index.php?rest_route=\/wp\/v2\/types\/post"}],"author":[{"embeddable":true,"href":"http:\/\/www.chapelle-crecy.com\/index.php?rest_route=\/wp\/v2\/users\/2"}],"replies":[{"embeddable":true,"href":"http:\/\/www.chapelle-crecy.com\/index.php?rest_route=%2Fwp%2Fv2%2Fcomments&post=822"}],"version-history":[{"count":0,"href":"http:\/\/www.chapelle-crecy.com\/index.php?rest_route=\/wp\/v2\/posts\/822\/revisions"}],"wp:attachment":[{"href":"http:\/\/www.chapelle-crecy.com\/index.php?rest_route=%2Fwp%2Fv2%2Fmedia&parent=822"}],"wp:term":[{"taxonomy":"category","embeddable":true,"href":"http:\/\/www.chapelle-crecy.com\/index.php?rest_route=%2Fwp%2Fv2%2Fcategories&post=822"},{"taxonomy":"post_tag","embeddable":true,"href":"http:\/\/www.chapelle-crecy.com\/index.php?rest_route=%2Fwp%2Fv2%2Ftags&post=822"}],"curies":[{"name":"wp","href":"https:\/\/api.w.org\/{rel}","templated":true}]}}