{"id":823,"date":"2015-02-07T17:24:15","date_gmt":"2015-02-07T17:24:15","guid":{"rendered":""},"modified":"-0001-11-30T00:00:00","modified_gmt":"-0001-11-29T22:00:00","slug":"","status":"publish","type":"post","link":"http:\/\/www.chapelle-crecy.com\/?p=823","title":{"rendered":"Annonces de la semaine du 9 au 15 f\u00e9vrier 2015"},"content":{"rendered":"<table bgcolor =\"F0FAFF\" border=0>\n<tbody>\n<tr>\n<td>\n<div align=\"justify\">\n<div \"773\">Voici les annonces de la p\u00e9riode du lundi 9 au dimanche 15 f\u00e9vrier 2015 pour la paroisse des 3 clochers Cr\u00e9cy-la-Chapelle, Villiers-sur-Morin, Voulangis. <\/p>\n<p>Samedi 14 \u00e0\u00a0 18 h 30, messe \u00e0\u00a0 Voulangis<br \/>\nDimanche 15 \u00e0\u00a0 10 h 30, messe \u00e0\u00a0 Cr\u00e9cy <\/p>\n<p>Retrouvez tous les d\u00e9tails dans la suite &#8230;<\/p><\/div>\n<\/div>\n<\/td>\n<\/tr>\n<\/tbody>\n<\/table>\n<table bgcolor =\"F0F6FF\" border=0>\n<tbody>\n<tr>\n<td width=\"25%\"><font color=\"882222\">Lundi 9 f\u00e9vrier<\/font><\/td>\n<td><font color=\"882222\">17  h  C\u00e9l\u00e9bration \u00e0 la Maison de Retraite.<\/font><\/td>\n<td><font color=\"882222\"><br \/>\n20 h 30 &#8211;  R\u00e9union de l&rsquo;Equipe d&rsquo;Animation Pastorale.<br \/>\n<\/font>\n<\/td>\n<\/tr>\n<tr>\n<td><font color=\"00DD22\">Mercredi 11 f\u00e9vrier<br \/>\n<i>Notre-Dame de Lourdes<\/i><\/font><\/td>\n<td><font color=\"00DD22\"><\/p>\n<div align=\"center\"><img decoding=\"async\" src=\"\/IMG\/lieux\/lourdes07.jpg\"  width=150><\/div>\n<p><\/font><\/td>\n<td><font color=\"00DD22\">18 h  Messe \u00e0 Cr\u00e9cy pour  les Ames du Purgatoire et Henri CORPECHOT.<br \/>\n<\/font><\/td>\n<\/tr>\n<tr >\n<td><font color=\"0022CC\">Samedi 14 f\u00e9vrier <br \/>\n<i>Sts  Cyrille et M\u00e9thode<\/i><\/font><\/td>\n<p><\/font><\/td>\n<td><font color=\"0022CC\"><br \/>\n18 h 30 &#8211; Messe \u00e0 Voulangis pour Maryvonne MATHONNET et Jean ROSIER.<\/p>\n<p><\/font><\/td>\n<td><font color=\"0022CC\"><\/p>\n<div align=\"center\"><img decoding=\"async\" src=\"\/IMG\/lieux\/voulangis_eglise4.jpg\"  width=150><\/div>\n<\/tr>\n<tr>\n<td><font color=\"882222\">Dimanche 15 f\u00e9vrier<\/font><\/td>\n<p><\/font><\/td>\n<td><font color=\"882222\"><\/p>\n<div align=\"center\"><img decoding=\"async\" src=\"\/IMG\/lieux\/stgeorges17.jpg\"  width = 150  >\n<\/td>\n<td><font color=\"882222\">10 h 30  La Messe de ce jour est   c\u00e9l\u00e9br\u00e9e   pour les mari\u00e9s de l&rsquo;an pass\u00e9  et pour les fianc\u00e9s de l&rsquo;ann\u00e9e 2015.<br \/>\nNous prierons pour Olivier LANDRIEUX et Andr\u00e9 CHAMPIN, et \u00e9galement pour Jean-Pierre KRYVENAC d\u00e9c\u00e9d\u00e9 il y a tout juste 10 ans.<\/p>\n<\/tr > <\/tbody>\n<\/table>\n","protected":false},"excerpt":{"rendered":"<p>Voici les annonces de la p\u00e9riode du lundi 9 au dimanche 15 f\u00e9vrier 2015 pour la paroisse des 3 clochers Cr\u00e9cy-la-Chapelle, Villiers-sur-Morin, Voulangis. Samedi 14 \u00e0\u00a0 18 h 30, messe \u00e0\u00a0 Voulangis Dimanche 15&#46;&#46;&#46;<\/p>\n","protected":false},"author":2,"featured_media":0,"comment_status":"open","ping_status":"open","sticky":false,"template":"","format":"standard","meta":{"footnotes":""},"categories":[],"tags":[],"class_list":["post-823","post","type-post","status-publish","format-standard","hentry"],"_links":{"self":[{"href":"http:\/\/www.chapelle-crecy.com\/index.php?rest_route=\/wp\/v2\/posts\/823","targetHints":{"allow":["GET"]}}],"collection":[{"href":"http:\/\/www.chapelle-crecy.com\/index.php?rest_route=\/wp\/v2\/posts"}],"about":[{"href":"http:\/\/www.chapelle-crecy.com\/index.php?rest_route=\/wp\/v2\/types\/post"}],"author":[{"embeddable":true,"href":"http:\/\/www.chapelle-crecy.com\/index.php?rest_route=\/wp\/v2\/users\/2"}],"replies":[{"embeddable":true,"href":"http:\/\/www.chapelle-crecy.com\/index.php?rest_route=%2Fwp%2Fv2%2Fcomments&post=823"}],"version-history":[{"count":0,"href":"http:\/\/www.chapelle-crecy.com\/index.php?rest_route=\/wp\/v2\/posts\/823\/revisions"}],"wp:attachment":[{"href":"http:\/\/www.chapelle-crecy.com\/index.php?rest_route=%2Fwp%2Fv2%2Fmedia&parent=823"}],"wp:term":[{"taxonomy":"category","embeddable":true,"href":"http:\/\/www.chapelle-crecy.com\/index.php?rest_route=%2Fwp%2Fv2%2Fcategories&post=823"},{"taxonomy":"post_tag","embeddable":true,"href":"http:\/\/www.chapelle-crecy.com\/index.php?rest_route=%2Fwp%2Fv2%2Ftags&post=823"}],"curies":[{"name":"wp","href":"https:\/\/api.w.org\/{rel}","templated":true}]}}