{"id":826,"date":"2015-02-17T14:32:07","date_gmt":"2015-02-17T14:32:07","guid":{"rendered":""},"modified":"-0001-11-30T00:00:00","modified_gmt":"-0001-11-29T22:00:00","slug":"","status":"publish","type":"post","link":"http:\/\/www.chapelle-crecy.com\/?p=826","title":{"rendered":"01. Qu&rsquo;est-ce que le mercredi des Cendres?"},"content":{"rendered":"<div align=\"justify\">Dans les agendas ou calendriers que nous consultons, cette ann\u00e9e, au mercredi 18 f\u00e9vrier, il est indiqu\u00e9 : Cendres. La veille de ce premier mercredi de car\u00eame, (aujourd&rsquo;hui, mardi 17 f\u00e9vrier) c&rsquo;est le Mardi-Gras. Comme si ces deux jours, il n&rsquo;y avait pas la f\u00eate d&rsquo;un Saint. Essayons de comprendre ce que cela peut bien signifier&#8230;\n<\/div>\n<div align=\"justify\">\n La plus grande f\u00eate des chr\u00e9tiens, c&rsquo;est P\u00e2ques<\/p>\n<p> Si vous interrogez vos amis pour leur demander quelle est la plus grande f\u00eate pour les chr\u00e9tiens, beaucoup vous r\u00e9pondront : c&rsquo;est la f\u00eate de No\u00ebl. C&rsquo;est vrai que cette f\u00eate de la naissance de J\u00e9sus est tr\u00e8s populaire et beaucoup de personnes non croyantes s&rsquo;y associent. Mais ce n&rsquo;est pas la bonne r\u00e9ponse. La plus grande f\u00eate des chr\u00e9tiens, c&rsquo;est P\u00e2ques, le jour o\u00f9 nous c\u00e9l\u00e9brons la r\u00e9surrection du Christ qui est pass\u00e9 de la mort \u00e0 la Vie.<\/p>\n<p> Pour nous pr\u00e9parer \u00e0 cette grande f\u00eate nous avons un temps qui s&rsquo;appelle le Car\u00eame. Car\u00eame, cela veut dire quarante ; ce sont les quarante jours avant P\u00e2ques. Mais dans ces jours, on ne compte pas le dimanche o\u00f9 nous faisons toujours m\u00e9moire de la r\u00e9surrection du Christ. C&rsquo;est pourquoi le car\u00eame commence un mercredi.<\/p>\n<p> Alors pourquoi l&rsquo;appelle-t-on le mercredi des Cendres ? Le car\u00eame est un temps de p\u00e9nitence, de pr\u00e9paration \u00e0 la belle f\u00eate de P\u00e2ques et pour entrer en Car\u00eame, je me pr\u00e9pare par un rite qui se d\u00e9roule lors de la messe (ou qui peut se vivre dans une c\u00e9l\u00e9bration en dehors de la messe) o\u00f9 celui qui pr\u00e9side met sur mon front de la cendre en me disant : \u00ab Souviens-toi que tu es poussi\u00e8re et que tu retourneras en poussi\u00e8re \u00bb ou \u00ab Convertis-toi et crois \u00e0 l&rsquo;\u00e9vangile \u00bb.<\/p>\n<p> Apprendre \u00e0 accueillir la lumi\u00e8re de P\u00e2ques<\/p>\n<p> Moi, j&rsquo;aime bien le car\u00eame. Quand on est triste, on dit parfois qu&rsquo;on a une \u00ab mine de car\u00eame \u00bb. Mais le car\u00eame ce n&rsquo;est pas cela !<\/p>\n<p>Les cendres d\u00e9pos\u00e9es sur mon front constituent les restes refroidis d&rsquo;un grand feu pour m&rsquo;apprendre \u00e0 devenir lumi\u00e8re et \u00e0 accueillir la lumi\u00e8re de P\u00e2ques.<\/p>\n<p> Les cendres d\u00e9pos\u00e9es sur mon front sont aussi des t\u00e2ches de salet\u00e9 qui m&rsquo;invitent \u00e0 me ressourcer \u00e0 la source de la Parole de Dieu.<\/p>\n<p> Les cendres d\u00e9pos\u00e9es sur mon front ressemblent \u00e0 une terre aride qui ne produit pas de fruits et qui m&rsquo;invitent \u00e0 me convertir pour porter les fruits de l&rsquo;Esprit-Saint dans ma vie.<\/p>\n<p> Voil\u00e0 tout un programme, tout un chemin qui commence le mercredi des Cendres et qui se terminera \u00e0 la Veill\u00e9e Pascale o\u00f9 nous allumerons le feu nouveau. Pour vous aider, je vous invite \u00e0 m\u00e9diter cette phrase de l&rsquo;\u00e9p \u00eetre aux H\u00e9breux, chapitre 10, verset 24 : \u00ab Faisons attention les uns aux autres pour nous stimuler dans la charit\u00e9 et les bonnes oeuvres. \u00bb Qu&rsquo;il nous aide \u00e0 vivre la charit\u00e9 !<\/p>\n<p> J&rsquo;esp\u00e8re que vous pourrez vous mettre sur ce chemin, avec tous les chr\u00e9tiens, pour mieux vous pr\u00e9parer \u00e0 la Joie de P\u00e2ques.<br \/>\nBon Car\u00eame !<\/p>\n<p> + Nicolas Souchu<br \/>\n Ev\u00eaque auxiliaire de Rennes<\/p>\n<div align=\"center\">**************************<\/div>\n<div align=\"center\">Message de la Conf\u00e9rence des Ev\u00eaques de France<\/div>\n<div align=\"center\">Pendant le car\u00eame,<br \/>\n\u00e0 partir du 18 f\u00e9vrier, mercredi des Cendres<br \/>\nles catholiques se pr\u00e9pareront \u00e0 la grande f\u00eate de P\u00e2ques<\/div>\n<p> Le car\u00eame est, dans le christianisme, le temps qui pr\u00e9pare \u00e0 la f\u00eate de P\u00e2ques. Il recouvre les quarante jours (sans compter les dimanches) qui pr\u00e9c\u00e8dent le dimanche de P\u00e2ques, c\u00e9l\u00e9bration de la r\u00e9surrection du Christ, coeur de la foi chr\u00e9tienne.<\/p>\n<p> Ce temps commence avec le Mercredi des cendres (le 18 f\u00e9vrier cette ann\u00e9e) dont la signification majeure est l&rsquo;appel \u00e0 la conversion personnelle et \u00e0 la mobilisation spirituelle des communaut\u00e9s chr\u00e9tiennes. En ce premier jour du car\u00eame, les fid\u00e8les sont invit\u00e9s \u00e0 participer \u00e0 la messe, au cours de laquelle le pr\u00eatre marque leur front de cendres en disant : \u00ab Convertissez-vous et croyez \u00e0 l&rsquo;Evangile \u00bb. Si les cendres symbolisent la fragilit\u00e9 humaine, elles sont aussi le signe de l&rsquo;esp\u00e9rance en la mis\u00e9ricorde de Dieu.<\/p>\n<p> Le premier sens du car\u00eame est le renouvellement int\u00e9rieur en vue des c\u00e9l\u00e9brations pascales. L&rsquo;Eglise propose de vivre ce temps dans [la pri\u00e8re, le partage et le je\u00fbne->http:\/\/www.jeunes-cathos.fr\/questions-de-foi\/priere\/jeune-priere-aumone].<\/p>\n<p> Le Pape Fran\u00e7ois dans son [message pour le Car\u00eame 2015 \u00ab Tenez ferme \u00bb-> http:\/\/www.eglise.catholique.fr\/vatican\/messages-du-saint-pere\/389737-message-du-pape-francois-careme-en-2015-tenez-ferme-jc58\/] pr\u00e9sente en effet le Car\u00eame comme \u00ab un temps de renouveau pour l&rsquo;Eglise, pour les communaut\u00e9s et chaque fid\u00e8le. Mais c&rsquo;est surtout un temps de gr\u00e2ce \u00bb. Il appelle chaque catholique face au d\u00e9fi de \u00ab la mondialisation de l&rsquo;indiff\u00e9rence \u00bb \u00e0 prier, se tourner vers l&rsquo;autre et \u00ab aider par des gestes de charit\u00e9, rejoignant aussi bien ceux qui sont proches que ceux qui sont loin, gr\u00e2ce aux nombreux organismes de charit\u00e9 de l&rsquo;Eglise. \u00bb<\/p>\n<div align=\"center\">Les multiples initiatives et messages pour le car\u00eame 2015 sont disponibles en ligne sur [www.eglise.catholique.fr->www.eglise.catholique.fr]<\/div>\n<div align=\"center\">Les horaires des messes du mercredi des Cendres<br \/>\ndans les paroisses, abbayes et monast\u00e8res de France<br \/>\nsont \u00e0 disposition sur le site [Messesinfo->http:\/\/egliseinfo.catholique.fr\/]<\/div>\n<\/div>\n","protected":false},"excerpt":{"rendered":"<p>Dans les agendas ou calendriers que nous consultons, cette ann\u00e9e, au mercredi 18 f\u00e9vrier, il est indiqu\u00e9 : Cendres. La veille de ce premier mercredi de car\u00eame, (aujourd&rsquo;hui, mardi 17 f\u00e9vrier) c&rsquo;est le Mardi-Gras.&#46;&#46;&#46;<\/p>\n","protected":false},"author":2,"featured_media":0,"comment_status":"open","ping_status":"open","sticky":false,"template":"","format":"standard","meta":{"footnotes":""},"categories":[],"tags":[],"class_list":["post-826","post","type-post","status-publish","format-standard","hentry"],"_links":{"self":[{"href":"http:\/\/www.chapelle-crecy.com\/index.php?rest_route=\/wp\/v2\/posts\/826","targetHints":{"allow":["GET"]}}],"collection":[{"href":"http:\/\/www.chapelle-crecy.com\/index.php?rest_route=\/wp\/v2\/posts"}],"about":[{"href":"http:\/\/www.chapelle-crecy.com\/index.php?rest_route=\/wp\/v2\/types\/post"}],"author":[{"embeddable":true,"href":"http:\/\/www.chapelle-crecy.com\/index.php?rest_route=\/wp\/v2\/users\/2"}],"replies":[{"embeddable":true,"href":"http:\/\/www.chapelle-crecy.com\/index.php?rest_route=%2Fwp%2Fv2%2Fcomments&post=826"}],"version-history":[{"count":0,"href":"http:\/\/www.chapelle-crecy.com\/index.php?rest_route=\/wp\/v2\/posts\/826\/revisions"}],"wp:attachment":[{"href":"http:\/\/www.chapelle-crecy.com\/index.php?rest_route=%2Fwp%2Fv2%2Fmedia&parent=826"}],"wp:term":[{"taxonomy":"category","embeddable":true,"href":"http:\/\/www.chapelle-crecy.com\/index.php?rest_route=%2Fwp%2Fv2%2Fcategories&post=826"},{"taxonomy":"post_tag","embeddable":true,"href":"http:\/\/www.chapelle-crecy.com\/index.php?rest_route=%2Fwp%2Fv2%2Ftags&post=826"}],"curies":[{"name":"wp","href":"https:\/\/api.w.org\/{rel}","templated":true}]}}