{"id":827,"date":"2015-02-20T13:07:39","date_gmt":"2015-02-20T13:07:39","guid":{"rendered":""},"modified":"-0001-11-30T00:00:00","modified_gmt":"-0001-11-29T22:00:00","slug":"","status":"publish","type":"post","link":"http:\/\/www.chapelle-crecy.com\/?p=827","title":{"rendered":"Conf\u00e9rences \u00e0\u00a0 la Biblioth\u00e8que dioc\u00e9saine les 4 et 12 mars 2015"},"content":{"rendered":"<div align=\"justify\">\n<div align=\"center\"><img decoding=\"async\" src=\"\/IMG\/jpg\/Keith.jpg\" width=400><\/div>\n<p>Bonjour \u00e0\u00a0 tous,<\/p>\n<p>L&rsquo;\u00e9quipe de la Biblioth\u00e8que dioc\u00e9saine est heureuse de vous inviter \u00e0\u00a0 une conf\u00e9rence sur l&rsquo;\u00e9crivain anglais G.K. Chesterton : peu connu en France, il fut pourtant l&rsquo;un des plus brillants esprits de son tempset sans doute des plus dr\u00f4es.<br \/>\nCette m\u00eame conf\u00e9rence vous est propos\u00e9e en deux dates, afin de pallier<\/p><\/div>\n<div align=\"justify\">\n aux diff\u00e9rences d&#8217;emploi du temps de chacun.<\/p>\n<p> Le rendez-vous est fix\u00e9 \u00e0 la Biblioth\u00e8que dioc\u00e9saine Guillaume Bri\u00e7onnet,<br \/>\n20 rue de Chaage \u00e0 Meaux. Pour une meilleure organisation, nous vous recommandons de nous contacter au 01 60 23 24 46 ou bien \u00e0 l&rsquo;adresse bdgb@wanadoo.fr afin de nous signaler votre pr\u00e9sence.<\/p>\n<p> N&rsquo;h\u00e9sitez pas \u00e0 en parler autour de vous, et usez de l&rsquo;affiche envoy\u00e9e ci-joint \u00e0 votre gr\u00e9.<\/p>\n<p> En esp\u00e9rant vous voir \u00e0 l&rsquo;une de ces deux dates, l&rsquo;\u00e9quipe de la Biblioth\u00e8que dioc\u00e9saine vous souhaite une excellente journ\u00e9e,<\/p>\n<p> Bien cordialement,<\/p>\n<p> Matthieu-Alexandre Durand<\/p>\n","protected":false},"excerpt":{"rendered":"<p>Bonjour \u00e0\u00a0 tous, L&rsquo;\u00e9quipe de la Biblioth\u00e8que dioc\u00e9saine est heureuse de vous inviter \u00e0\u00a0 une conf\u00e9rence sur l&rsquo;\u00e9crivain anglais G.K. Chesterton : peu connu en France, il fut pourtant l&rsquo;un des plus brillants esprits&#46;&#46;&#46;<\/p>\n","protected":false},"author":2,"featured_media":0,"comment_status":"open","ping_status":"open","sticky":false,"template":"","format":"standard","meta":{"footnotes":""},"categories":[],"tags":[],"class_list":["post-827","post","type-post","status-publish","format-standard","hentry"],"_links":{"self":[{"href":"http:\/\/www.chapelle-crecy.com\/index.php?rest_route=\/wp\/v2\/posts\/827","targetHints":{"allow":["GET"]}}],"collection":[{"href":"http:\/\/www.chapelle-crecy.com\/index.php?rest_route=\/wp\/v2\/posts"}],"about":[{"href":"http:\/\/www.chapelle-crecy.com\/index.php?rest_route=\/wp\/v2\/types\/post"}],"author":[{"embeddable":true,"href":"http:\/\/www.chapelle-crecy.com\/index.php?rest_route=\/wp\/v2\/users\/2"}],"replies":[{"embeddable":true,"href":"http:\/\/www.chapelle-crecy.com\/index.php?rest_route=%2Fwp%2Fv2%2Fcomments&post=827"}],"version-history":[{"count":0,"href":"http:\/\/www.chapelle-crecy.com\/index.php?rest_route=\/wp\/v2\/posts\/827\/revisions"}],"wp:attachment":[{"href":"http:\/\/www.chapelle-crecy.com\/index.php?rest_route=%2Fwp%2Fv2%2Fmedia&parent=827"}],"wp:term":[{"taxonomy":"category","embeddable":true,"href":"http:\/\/www.chapelle-crecy.com\/index.php?rest_route=%2Fwp%2Fv2%2Fcategories&post=827"},{"taxonomy":"post_tag","embeddable":true,"href":"http:\/\/www.chapelle-crecy.com\/index.php?rest_route=%2Fwp%2Fv2%2Ftags&post=827"}],"curies":[{"name":"wp","href":"https:\/\/api.w.org\/{rel}","templated":true}]}}