{"id":829,"date":"2015-02-27T19:57:31","date_gmt":"2015-02-27T19:57:31","guid":{"rendered":""},"modified":"-0001-11-30T00:00:00","modified_gmt":"-0001-11-29T22:00:00","slug":"","status":"publish","type":"post","link":"http:\/\/www.chapelle-crecy.com\/?p=829","title":{"rendered":"Programme de 2\u00e8me ann\u00e9e de cat\u00e9 2014-2015"},"content":{"rendered":"<div align=\"justify\">Elisabeth R\u00e9moleur, responsable de la cat\u00e9ch\u00e8se sur le secteur de Cr\u00e9cy et cat\u00e9chiste pour le groupe de 2\u00e8me ann\u00e9e de cat\u00e9, a \u00e9tabli le programme propos\u00e9 aux enfants et parents jusqu&rsquo;\u00e0\u00a0 la fin de l&rsquo;ann\u00e9e scolaire. Consultez donc l&rsquo;agenda ci-dessous pour bien se pr\u00e9parer \u00e0\u00a0 ce beau chemin de foi. Certaines rencontres cit\u00e9es dans l&rsquo;agenda sont aussi pour les autres ann\u00e9es de cat\u00e9.<\/div>\n<div align=\"center\">\n<img decoding=\"async\" src=\"\/IMG\/jpg\/cate2015_2_p45b.jpg\"><\/p>\n<p><img decoding=\"async\" src=\"\/IMG\/jpg\/chant_dec_2014.jpg\">\n<\/div>\n","protected":false},"excerpt":{"rendered":"<p>Elisabeth R\u00e9moleur, responsable de la cat\u00e9ch\u00e8se sur le secteur de Cr\u00e9cy et cat\u00e9chiste pour le groupe de 2\u00e8me ann\u00e9e de cat\u00e9, a \u00e9tabli le programme propos\u00e9 aux enfants et parents jusqu&rsquo;\u00e0\u00a0 la fin de&#46;&#46;&#46;<\/p>\n","protected":false},"author":2,"featured_media":0,"comment_status":"open","ping_status":"open","sticky":false,"template":"","format":"standard","meta":{"footnotes":""},"categories":[],"tags":[],"class_list":["post-829","post","type-post","status-publish","format-standard","hentry"],"_links":{"self":[{"href":"http:\/\/www.chapelle-crecy.com\/index.php?rest_route=\/wp\/v2\/posts\/829","targetHints":{"allow":["GET"]}}],"collection":[{"href":"http:\/\/www.chapelle-crecy.com\/index.php?rest_route=\/wp\/v2\/posts"}],"about":[{"href":"http:\/\/www.chapelle-crecy.com\/index.php?rest_route=\/wp\/v2\/types\/post"}],"author":[{"embeddable":true,"href":"http:\/\/www.chapelle-crecy.com\/index.php?rest_route=\/wp\/v2\/users\/2"}],"replies":[{"embeddable":true,"href":"http:\/\/www.chapelle-crecy.com\/index.php?rest_route=%2Fwp%2Fv2%2Fcomments&post=829"}],"version-history":[{"count":0,"href":"http:\/\/www.chapelle-crecy.com\/index.php?rest_route=\/wp\/v2\/posts\/829\/revisions"}],"wp:attachment":[{"href":"http:\/\/www.chapelle-crecy.com\/index.php?rest_route=%2Fwp%2Fv2%2Fmedia&parent=829"}],"wp:term":[{"taxonomy":"category","embeddable":true,"href":"http:\/\/www.chapelle-crecy.com\/index.php?rest_route=%2Fwp%2Fv2%2Fcategories&post=829"},{"taxonomy":"post_tag","embeddable":true,"href":"http:\/\/www.chapelle-crecy.com\/index.php?rest_route=%2Fwp%2Fv2%2Ftags&post=829"}],"curies":[{"name":"wp","href":"https:\/\/api.w.org\/{rel}","templated":true}]}}