{"id":831,"date":"2015-03-07T20:24:51","date_gmt":"2015-03-07T20:24:51","guid":{"rendered":""},"modified":"-0001-11-30T00:00:00","modified_gmt":"-0001-11-29T22:00:00","slug":"","status":"publish","type":"post","link":"http:\/\/www.chapelle-crecy.com\/?p=831","title":{"rendered":"Annonces de la semaine du 9 au 15 mars 2015"},"content":{"rendered":"<table bgcolor =\"F0FAFF\" border=0>\n<tbody>\n<tr>\n<td>\n<div align=\"justify\">\n<div \"781\">Voici les annonces de la semaine du lundi 9 au dimanche 15 mars 2015 pour la paroisse des 3 clochers Cr\u00e9cy-la-Chapelle, Villiers-sur-Morin, Voulangis. <\/p>\n<p>Samedi 14 \u00e0\u00a0 18 h 30, messe \u00e0\u00a0<br \/>\nVOULANGIS,<br \/>\nDimanche 15 \u00e0\u00a0 10 h 30, messe \u00e0\u00a0 Cr\u00e9cy.<\/p>\n<p>Tous les d\u00e9tails dans la suite &#8230;<\/p><\/div>\n<\/div>\n<\/td>\n<\/tr>\n<\/tbody>\n<\/table>\n<table bgcolor =\"F0F6FF\" border=0>\n<tbody>\n<tr>\n<td width=\"25%\"><font color=\"00CC00\">Lundi 9 mars<\/font><\/td>\n<td><font color=\"00CC00\"><\/p>\n<div align=\"center\"><img decoding=\"async\" src=\"\/IMG\/jpg\/MR_Crecy_2.jpg\" width=150><\/div>\n<p><\/font><\/td>\n<td><font color=\"00CC00\">17 h &#8211; C\u00e9l\u00e9bration \u00e0 la Maison de Retraite.<br \/>\n<\/font><\/td>\n<\/tr>\n<tr>\n<td width=\"25%\"><font color=\"0E0C40\">Mardi 10 mars<\/font><\/td>\n<td><font color=\"0E0C40\">15 h &#8211; Obs\u00e8ques \u00e0 Voulangis  de Roger HAUBOURDIN .<\/font><\/td>\n<td><font color=\"0E0C40\">18 h &#8211; Messe \u00e0 Cr\u00e9cy pour Roger COLLE,  Lucette BRASILLIER et Fernand DOMISE.<\/font><\/td>\n<\/tr>\n<tr>\n<td width=\"25%\"><font color=\"0020FF\">Mercredi 11 mars<\/font><\/td>\n<td><font color=\"0020FF\">9 h &#8211; Messe \u00e0 Cr\u00e9cy pour Lucien GORRET et Chantal DUBOIS<\/font><\/td>\n<td><font color=\"0020FF\">19 h 30 &#8211; R\u00e9union \u00ab Mission en Actes \u00bb et Soupe de Car\u00eame \u00e0 la salle paroissiale.<\/font><\/td>\n<\/tr>\n<tr>\n<td width=\"25%\"><font color=\"00CC00\">Jeudi12 mars<\/font><\/td>\n<td><font color=\"00CC00\">9 h  Messe \u00e0 Cr\u00e9cy pour Lionel TANGUY et Jacques GOSSET.<br \/>\n<\/font><\/td>\n<td><font color=\"00CC00\"><\/p>\n<div align=\"center\"><img decoding=\"async\" src=\"\/IMG\/jpg\/Quincy-1.jpg\"  width=150><\/div>\n<p><\/font><\/td>\n<\/tr>\n<tr>\n<td width=\"25%\"><font color=\"0E0C40\">Vendredi 13 mars<\/font><\/td>\n<td><font color=\"0E0C40\">9 h  Messe \u00e0 Cr\u00e9cy pour  Andr\u00e9e LEHMANN et Maria AZEVEDO.<\/font><\/td>\n<td><font color=\"0E0C40\">20 h  A la salle paroissiale r\u00e9union de pr\u00e9paration au Mariage.<\/font><\/td>\n<\/tr>\n<tr>\n<td width=\"25%\"><font color=\"0020FF\">Samedi 14 mars<\/font><\/td>\n<td><font color=\"0020FF\">18 h 30 &#8211; Messe \u00e0 Voulangis pour Maryvonne MATHONNET et Jean ROSIER. Nous prierons \u00e9galement pour Lucette RZEMINSKI inhum\u00e9e la semaine derni\u00e8re.<br \/>\n<\/font><\/td>\n<td><font color=\"0020FF\"><\/p>\n<div align=\"center\"><img decoding=\"async\" src=\"\/IMG\/lieux\/voulangis_eglise4.jpg\"  width=150><\/div>\n<p><\/font><\/td>\n<\/tr>\n<tr>\n<td><font color=\"00CC00\">Dimanche 15 mars<i><br \/>4\u00e8me dimanche de Car\u00eame<\/i><\/font><\/td>\n<td><font color=\"00CC00\"><\/p>\n<div align=\"center\"><img decoding=\"async\" src=\"\/IMG\/lieux\/stgeorges15.jpg\"  width=150><\/div>\n<p><\/font><\/td>\n<td><font color=\"00CC00\">10 h 30 &#8211; Messe \u00e0 Cr\u00e9cy pour la famille BACOUP et pour Claude CHEVALLIER et sa famille.<br \/>\nCe sera \u00e9galement la seconde \u00e9tape de Bapt\u00eame pour Jean-Baptiste.<br \/>\nUne qu\u00eate sp\u00e9ciale est pr\u00e9vue, \u00e0 la fin de ces samedi 14 et dimanche 15 mars, au profit de l&rsquo;HOSPITALITE DE LOURDES. Merci d&rsquo;avance de votre g\u00e9n\u00e9rosit\u00e9.<br \/>\n<\/font><\/td>\n<\/tr>\n<\/tbody>\n<\/table>\n","protected":false},"excerpt":{"rendered":"<p>Voici les annonces de la semaine du lundi 9 au dimanche 15 mars 2015 pour la paroisse des 3 clochers Cr\u00e9cy-la-Chapelle, Villiers-sur-Morin, Voulangis. Samedi 14 \u00e0\u00a0 18 h 30, messe \u00e0\u00a0 VOULANGIS, Dimanche 15&#46;&#46;&#46;<\/p>\n","protected":false},"author":2,"featured_media":0,"comment_status":"open","ping_status":"open","sticky":false,"template":"","format":"standard","meta":{"footnotes":""},"categories":[],"tags":[],"class_list":["post-831","post","type-post","status-publish","format-standard","hentry"],"_links":{"self":[{"href":"http:\/\/www.chapelle-crecy.com\/index.php?rest_route=\/wp\/v2\/posts\/831","targetHints":{"allow":["GET"]}}],"collection":[{"href":"http:\/\/www.chapelle-crecy.com\/index.php?rest_route=\/wp\/v2\/posts"}],"about":[{"href":"http:\/\/www.chapelle-crecy.com\/index.php?rest_route=\/wp\/v2\/types\/post"}],"author":[{"embeddable":true,"href":"http:\/\/www.chapelle-crecy.com\/index.php?rest_route=\/wp\/v2\/users\/2"}],"replies":[{"embeddable":true,"href":"http:\/\/www.chapelle-crecy.com\/index.php?rest_route=%2Fwp%2Fv2%2Fcomments&post=831"}],"version-history":[{"count":0,"href":"http:\/\/www.chapelle-crecy.com\/index.php?rest_route=\/wp\/v2\/posts\/831\/revisions"}],"wp:attachment":[{"href":"http:\/\/www.chapelle-crecy.com\/index.php?rest_route=%2Fwp%2Fv2%2Fmedia&parent=831"}],"wp:term":[{"taxonomy":"category","embeddable":true,"href":"http:\/\/www.chapelle-crecy.com\/index.php?rest_route=%2Fwp%2Fv2%2Fcategories&post=831"},{"taxonomy":"post_tag","embeddable":true,"href":"http:\/\/www.chapelle-crecy.com\/index.php?rest_route=%2Fwp%2Fv2%2Ftags&post=831"}],"curies":[{"name":"wp","href":"https:\/\/api.w.org\/{rel}","templated":true}]}}