{"id":832,"date":"2015-03-13T21:54:00","date_gmt":"2015-03-13T21:54:00","guid":{"rendered":""},"modified":"-0001-11-30T00:00:00","modified_gmt":"-0001-11-29T22:00:00","slug":"","status":"publish","type":"post","link":"http:\/\/www.chapelle-crecy.com\/?p=832","title":{"rendered":"\u00ab\u00a0Au coeur de la rencontre\u00a0\u00bb \u00e0\u00a0 Paray-le-Monial (71)"},"content":{"rendered":"<div align=\"justify\">C&rsquo;est au coeur de la Bourgogne, dans les sanctuaires de [Paray-le-Monial->http:\/\/www.sanctuaires-paray.com], au lieu m\u00eame des apparitions du Sacr\u00e9-coeur de J\u00e9sus \u00e0\u00a0 Marguerite-Marie en 1675, que la F\u00e9d\u00e9ration Nationale de la Presse Locale Chr\u00e9tienne ([FNPLC->www.fnplc.org] qui regroupe les journaux paroissiaux de toute la France) avait organis\u00e9 le 2\u00e8me rassemblement sur le th\u00e8me: \u00ab\u00a0Au coeur de la rencontre\u00a0\u00bb. Les journalistes de l&rsquo;Echo de la Vall\u00e9e \u00e9taient pr\u00e9sents sur les lieux &#8230;<\/div>\n<div align=\"justify\">\n<p> A la rencontre d&rsquo;un lieu<\/p>\n<div align=\"center\"><img decoding=\"async\" src=\"\/IMG\/jpg\/Sanctuaire1.jpg\n\" width=400><\/div>\n<div align=\"center\"><\/div>\n<div align=\"center\"><img decoding=\"async\" src=\"\/IMG\/jpg\/Sanctuaires2.jpg\n\" width=400><\/div>\n<div align=\"center\"><\/div>\n<div align=\"center\"><img decoding=\"async\" src=\"\/IMG\/jpg\/Sanctuaire3.jpg\n\" width=300><\/div>\n<div align=\"center\"><\/div>\n<div align=\"center\"><img decoding=\"async\" src=\"\/IMG\/jpg\/basilique2.jpg\n\" width=300><\/div>\n<div align=\"center\"><\/div>\n<div align=\"center\"><img decoding=\"async\" src=\"\/IMG\/jpg\/hoteldeville.jpg\n\" width=200><\/div>\n<div align=\"center\">Hotel de ville de Paray-le-Monial<\/div>\n<div align=\"center\"><img decoding=\"async\" src=\"\/IMG\/jpg\/vitrail.jpg\n\" width=200><\/div>\n<div align=\"center\"><\/div>\n<div align=\"center\"><img decoding=\"async\" src=\"\/IMG\/jpg\/StPierre.jpg\n\" width=200><\/div>\n<div align=\"center\">Statue de St Pierre \u00e0 la basilique de Paray-le-Monial, identique \u00e0 celle r\u00e9cemment restaur\u00e9e \u00e0 l&rsquo;\u00e9glise St Georges de Cr\u00e9cy-la-Chapelle<\/div>\n<p> A la rencontre de la fraternit\u00e9 et du partage<\/p>\n<div align=\"center\"><img decoding=\"async\" src=\"\/IMG\/jpg\/coeur.jpg\n\" width=400><\/div>\n<div align=\"center\">La rencontre qui a du coeur !<\/div>\n<div align=\"center\"><img decoding=\"async\" src=\"\/IMG\/jpg\/gateaux.jpg\n\" width=400><\/div>\n<div align=\"center\"> D\u00e8s leur arriv\u00e9e, les invit\u00e9s avaient \u00e9t\u00e9 convi\u00e9s \u00e0 apporter des desserts-maisons, repr\u00e9sentant les sp\u00e9cialit\u00e9s locales: sur la tables, on pouvait voir puis d\u00e9guster des bugnes lyonnaises, des gaufres du Pas-de-Calais, des boulets de Montauban, des tourtes au myrtilles, de l&rsquo;Armagnac, etc., un vrai r\u00e9gal ! <\/div>\n<p> A la rencontre de journalistes semblables \u00e0 ceux de l&rsquo;Echo de la Vall\u00e9e, journal paroissial de Cr\u00e9cy-la-Chapelle (77)<\/p>\n<div align=\"center\"><img decoding=\"async\" src=\"\/IMG\/jpg\/jeunes-2.jpg\n\" width=400><\/div>\n<div align=\"center\"><\/div>\n<div align=\"center\"><img decoding=\"async\" src=\"\/IMG\/jpg\/journaux1.jpg\n\" width=400><\/p>\n<div align=\"center\">Ir\u00e8ne de l&rsquo;Echo de la Vall\u00e9e de Cr\u00e9cy-la-Chapelle (77): \u00ab\u00a0Au cours de ce rassemblement, j&rsquo;ai rencontr\u00e9 des personnes tr\u00e8s attachantes !\u00a0\u00bb<\/div>\n<\/div>\n<div align=\"center\"><img decoding=\"async\" src=\"\/IMG\/jpg\/Aucourt.jpg\n\" width=400><\/div>\n<div align=\"center\">P\u00e8re Ren\u00e9 Aucourt, cur\u00e9 de la paroisse de Cluny-Saint-Benoit, vicaire \u00e9piscopal et pr\u00e9sident de la [FNPLC->www.fnplc.org]<\/div>\n<p> A la rencontre de saltimbanques<\/p>\n<div align=\"center\"><img decoding=\"async\" src=\"\/IMG\/jpg\/Gaetan.jpg\n\" width=400><\/div>\n<div align=\"center\">P\u00e8re Ga\u00ebtan de Courr\u00e8ges, auteur, compositeur, interpr\u00e8te et \u00ab\u00a0pr\u00eatre au travail\u00a0\u00bb<\/div>\n<div align=\"center\"><img decoding=\"async\" src=\"\/IMG\/jpg\/spectacle.jpg\n\" width=400><\/div>\n<div align=\"center\">Spectacle de Ga\u00ebtan de Courr\u00e8ges et Dominique Auduc<\/div>\n<div align=\"center\"><img decoding=\"async\" src=\"\/IMG\/jpg\/Gaetan-auduc.jpg\n\" width=400><\/div>\n<div align=\"center\"><\/div>\n<div align=\"center\"><img decoding=\"async\" src=\"\/IMG\/jpg\/Dominique.jpg\n\" width=400><\/div>\n<div align=\"center\">P\u00e8re Dominique Auduc, cur\u00e9 de Chalon-sur-Sa\u00f4ne, clown annonciateur de \u00ab\u00a0bonne nouvelle\u00a0\u00bb. Si vous avez aim\u00e9 l&rsquo;animation du fil rouge qu&rsquo;il a anim\u00e9 pendant ces deux jours, Dominique vous donne rendez-vous sur son blog [http:\/\/dominiqueauduc-slamgosse.blogspot.fr\/->http:\/\/dominiqueauduc-slamgosse.blogspot.fr\/]. En cliquant sur l&rsquo;onglet SLAM NOUVEAU, vous pourrez appr\u00e9cier ces slams et m\u00eame lui laisser un commentaire &#8230;<\/div>\n<p> A la rencontre de comit\u00e9s de r\u00e9daction<\/p>\n<div align=\"center\"><img decoding=\"async\" src=\"\/IMG\/jpg\/pp-travail.jpg\n\" width=400><\/div>\n<div align=\"center\"><\/div>\n<div align=\"center\"><img decoding=\"async\" src=\"\/IMG\/jpg\/Faustine.jpg\n\" width=400><\/div>\n<div align=\"center\">Atelier avec Faustine Fayette que vous pouvez entendre tous les matins sur [Radio-Notre-Dame->www.radionotredame.net]<\/div>\n<div align=\"center\"><img decoding=\"async\" src=\"\/IMG\/jpg\/lecture.jpg\n\" width=400><\/div>\n<div align=\"center\">Atelier \u00ab\u00a0Lecture d&rsquo;image\u00a0\u00bb<\/div>\n<p> A la rencontre des r\u00e9gionaux de l&rsquo;\u00e9tape<\/p>\n<div align=\"center\"><img decoding=\"async\" src=\"\/IMG\/jpg\/nordistes.jpg\n\" width=400><\/div>\n<div align=\"center\">Les membres de l&rsquo;association nordiste de l&rsquo;OTPP sont venus en force depuis Lille et sa r\u00e9gion<\/div>\n<div align=\"center\"><img decoding=\"async\" src=\"\/IMG\/jpg\/Arras.jpg\n\" width=400><\/div>\n<div align=\"center\">L&rsquo;association Regard En Marche \u00e9tait la mieux repr\u00e9sent\u00e9e avec son car de 49 journalistes, avec \u00e0 leur t\u00eate Denis P\u00e9rard, diacre<\/div>\n<div align=\"center\"><img decoding=\"async\" src=\"\/IMG\/jpg\/Sarreguemines.jpg\n\" width=400><\/div>\n<div align=\"center\">Des journalistes venus de Lorraine, pour SarrEglise.com<\/div>\n<div align=\"center\"><img decoding=\"async\" src=\"\/IMG\/jpg\/Beninois.jpg\n\" width=400><\/div>\n<div align=\"center\">P\u00e8re Eric-Maxime ALABI, pr\u00eatre \u00e0 Carmaux (81), originaire du B\u00e9nin<\/div>\n<div align=\"center\"><img decoding=\"async\" src=\"\/IMG\/jpg\/repas-2.jpg\n\" width=400><\/div>\n<div align=\"center\">Les 200 participants prennent le repas ensemble <\/div>\n<div align=\"center\"><img decoding=\"async\" src=\"\/IMG\/jpg\/Sud-Ouest.jpg\n\" width=400><\/div>\n<div align=\"center\">La table du Sud-Ouest<\/div>\n<p> A la rencontre d&rsquo;intervenants de qualit\u00e9<\/p>\n<div align=\"center\"><img decoding=\"async\" src=\"\/IMG\/jpg\/Guedas.jpg\n\" width=400><\/div>\n<div align=\"center\">P\u00e8re Beno \u00eet Gu\u00e9das, recteur des sanctuaires de Paray-le-Monial<\/div>\n<div align=\"center\"><img decoding=\"async\" src=\"\/IMG\/jpg\/Riviere.jpg\n\" width=400><\/div>\n<div align=\"center\">Mgr Benoit Rivi\u00e8re, \u00e9v\u00eaque d&rsquo;Autun, Chalon et M\u00e2con<\/div>\n<div align=\"center\"><img decoding=\"async\" src=\"\/IMG\/jpg\/Herouard.jpg\n\" width=300><\/div>\n<div align=\"center\">Mgr Antoine H\u00e9rouard, recteur du S\u00e9minaire pontifical fran\u00e7ais \u00e0 Rome<\/div>\n<div align=\"center\"><img decoding=\"async\" src=\"\/IMG\/jpg\/Ginoux-2.jpg\n\" width=300><\/div>\n<div align=\"center\">Mgr Bernard Ginoux, \u00e9v\u00eaque du dioc\u00e8se de Montauban a eu un discours tr\u00e8s proche des pr\u00e9occupations de son auditoire. Il a \u00e9t\u00e9 incontestablement celui qui a \u00e9t\u00e9 le plus applaudi. L&rsquo;enregistrement de son intervention sera prochainement disponible sur ce site.<\/div>\n<div align=\"center\"><img decoding=\"async\" src=\"\/IMG\/jpg\/paola.jpg\n\" width=400><\/div>\n<div align=\"center\">Arch\u00e9ologue et s\u00e9miologue de formation, cette sp\u00e9cialiste dans le domaine de la presse et de l&rsquo;\u00e9dition nous a bross\u00e9 un portrait fid\u00e8le du lecteur du journal paroissial d&rsquo;aujourd&rsquo;hui. Paola Spaventa Habri a su prodiguer \u00e0 une assembl\u00e9e de r\u00e9dacteurs tr\u00e8s attentive ses conseils pertinents pour \u00e9crire des articles qui sachent davantage int\u00e9resser le nouveau public des journaux paroissiaux<\/div>\n<div align=\"center\"><img decoding=\"async\" src=\"\/IMG\/jpg\/emile.jpg\n\" width=200><\/div>\n<div align=\"center\">Fr\u00e8re Emile est venu nous parler de la rencontre des jeunes \u00e0 [Taiz\u00e9->http:\/\/www.taize.fr\/fr], communaut\u00e9 qui f\u00eatera ses 70 ans, et les 100 ans de son fondateur, le fr\u00e8re Roger<\/div>\n<p> A la rencontre de professionnels<\/p>\n<div align=\"center\"><img decoding=\"async\" src=\"\/IMG\/jpg\/pelerin.jpg\n\" width=400><\/div>\n<div align=\"center\">Christophe Henning, journaliste au [P\u00e8lerin->http:\/\/www.pelerin.com\/] a anim\u00e9 une table ronde<\/div>\n<div align=\"center\"><img decoding=\"async\" src=\"\/IMG\/jpg\/salette.jpg\n\" width=400><\/div>\n<div align=\"center\"><\/div>\n<p> A la rencontre des associations r\u00e9gionales<\/p>\n<div align=\"center\"><img decoding=\"async\" src=\"\/IMG\/jpg\/Assoc.jpg\n\" width=400><\/div>\n<div align=\"center\">De gauche \u00e0 droite:<br \/>\n Patrice Tiberghien, repr\u00e9sentant de l'[OTPP->www.otpp.org] (Office Technique Presse Paroissiale pr\u00e9sent dans le Nord de la France)<br \/>\n Charles-Henri Piffarelly, pr\u00e9sident de l&rsquo;ARO (Association R\u00e9gion Ouest)<br \/>\n Herv\u00e9 Fougeron, pr\u00e9sident de La Voix de nos Clochers (Chartres)<br \/>\n Bernard Bidaut, pr\u00e9sident de l'[AEPP->www.presse-aepp.fr] (Association Entraide Paroissiale pour la Presse Paroissiale, dans le quart Sud-Est de la France)<br \/>\n Sylvie B\u00e9gasse, pr\u00e9sident de [Sud PLC->http:\/\/catholique-montauban.cef.fr] (La Presse Locale Chr\u00e9tienne dans le Grand Sud-Ouest)<br \/>\n P\u00e8re Ren\u00e9 Aucourt, pr\u00e9sident de la [FNPLC->www.fnplc.org] (F\u00e9d\u00e9ration Nationale de la Presse Locale Chr\u00e9tienne qui regroupe en tout 14 associations r\u00e9gionales )<\/div>\n<p> A la rencontre de J\u00e9sus<\/p>\n<div align=\"center\"><img decoding=\"async\" src=\"\/IMG\/jpg\/messe.jpg\n\" width=400><\/div>\n<div align=\"center\"><\/div>\n<div align=\"center\"><img decoding=\"async\" src=\"\/IMG\/jpg\/messe2.jpg\n\" width=400><\/div>\n<div align=\"center\"><\/div>\n<\/div>\n","protected":false},"excerpt":{"rendered":"<p>C&rsquo;est au coeur de la Bourgogne, dans les sanctuaires de [Paray-le-Monial->http:\/\/www.sanctuaires-paray.com], au lieu m\u00eame des apparitions du Sacr\u00e9-coeur de J\u00e9sus \u00e0\u00a0 Marguerite-Marie en 1675, que la F\u00e9d\u00e9ration Nationale de la Presse Locale Chr\u00e9tienne ([FNPLC->www.fnplc.org]&#46;&#46;&#46;<\/p>\n","protected":false},"author":2,"featured_media":0,"comment_status":"open","ping_status":"open","sticky":false,"template":"","format":"standard","meta":{"footnotes":""},"categories":[],"tags":[],"class_list":["post-832","post","type-post","status-publish","format-standard","hentry"],"_links":{"self":[{"href":"http:\/\/www.chapelle-crecy.com\/index.php?rest_route=\/wp\/v2\/posts\/832","targetHints":{"allow":["GET"]}}],"collection":[{"href":"http:\/\/www.chapelle-crecy.com\/index.php?rest_route=\/wp\/v2\/posts"}],"about":[{"href":"http:\/\/www.chapelle-crecy.com\/index.php?rest_route=\/wp\/v2\/types\/post"}],"author":[{"embeddable":true,"href":"http:\/\/www.chapelle-crecy.com\/index.php?rest_route=\/wp\/v2\/users\/2"}],"replies":[{"embeddable":true,"href":"http:\/\/www.chapelle-crecy.com\/index.php?rest_route=%2Fwp%2Fv2%2Fcomments&post=832"}],"version-history":[{"count":0,"href":"http:\/\/www.chapelle-crecy.com\/index.php?rest_route=\/wp\/v2\/posts\/832\/revisions"}],"wp:attachment":[{"href":"http:\/\/www.chapelle-crecy.com\/index.php?rest_route=%2Fwp%2Fv2%2Fmedia&parent=832"}],"wp:term":[{"taxonomy":"category","embeddable":true,"href":"http:\/\/www.chapelle-crecy.com\/index.php?rest_route=%2Fwp%2Fv2%2Fcategories&post=832"},{"taxonomy":"post_tag","embeddable":true,"href":"http:\/\/www.chapelle-crecy.com\/index.php?rest_route=%2Fwp%2Fv2%2Ftags&post=832"}],"curies":[{"name":"wp","href":"https:\/\/api.w.org\/{rel}","templated":true}]}}