{"id":833,"date":"2015-03-14T21:25:03","date_gmt":"2015-03-14T21:25:03","guid":{"rendered":""},"modified":"-0001-11-30T00:00:00","modified_gmt":"-0001-11-29T22:00:00","slug":"","status":"publish","type":"post","link":"http:\/\/www.chapelle-crecy.com\/?p=833","title":{"rendered":"Annonces de la semaine du 16 au 22 mars 2015"},"content":{"rendered":"<table bgcolor =\"F0FAFF\" border=0>\n<tbody>\n<tr>\n<td>\n<div align=\"justify\">\n<div \"783\">Voici les annonces de la semaine du lundi 16 au dimanche 22 mars 2015 pour la paroisse des 3 clochers Cr\u00e9cy-la-Chapelle, Villiers-sur-Morin, Voulangis. <\/p>\n<p>Samedi 21 \u00e0\u00a0 18 h 30, messe \u00e0\u00a0<br \/>\nVilliers,<br \/>\nDimanche 22 \u00e0\u00a0 10 h 30, messe \u00e0\u00a0 Cr\u00e9cy.<\/p>\n<p>Tous les d\u00e9tails dans la suite &#8230;<\/p><\/div>\n<\/div>\n<\/td>\n<\/tr>\n<\/tbody>\n<\/table>\n<table bgcolor =\"F0F6FF\" border=0>\n<tbody>\n<tr>\n<td width=\"25%\"><font color=\"00CC00\">Lundi 16 mars<\/font><\/td>\n<td><font color=\"00CC00\"><\/p>\n<div align=\"center\"><img decoding=\"async\" src=\"\/IMG\/jpg\/MR_Crecy_2.jpg\" width=150><\/div>\n<p><\/font><\/td>\n<td><font color=\"00CC00\">17 h &#8211; Messe  \u00e0 la Maison de Retraite pour la famille LEROY-LEFEBVRE.<\/p>\n<p>20 h 30 &#8211; R\u00e9union de l&rsquo;EAP<br \/>\n<\/font><\/td>\n<\/tr>\n<tr>\n<td width=\"25%\"><font color=\"0E0C40\">Mardi 17 mars<\/font><\/td>\n<td><font color=\"0E0C40\">18 h &#8211; Messe \u00e0 Cr\u00e9cy  pour Juliette LACOMBE et Guy LAGORSSE.<\/font><\/td>\n<td><font color=\"0E0C40\"><\/p>\n<div align=\"center\"><img decoding=\"async\" src=\"\/IMG\/lieux\/cathedrale_bourgesa.jpg\"  width=150><\/div>\n<p><\/font><\/td>\n<\/tr>\n<tr>\n<td width=\"25%\"><font color=\"0020FF\">Mercredi 18 mars<\/font><\/td>\n<td><font color=\"0020FF\">9 h -Messe \u00e0 Cr\u00e9cy pour  Danielle GIROD et Pierre LOUIS.<\/font><\/td>\n<td><font color=\"0020FF\">10 h &#8211; Obs\u00e8ques \u00e0 Cr\u00e9cy de Jacques PLOMTEUX.<\/font><\/td>\n<\/tr>\n<tr>\n<td width=\"25%\"><font color=\"0E0C40\">Vendredi 20 mars<\/font><\/td>\n<td><font color=\"0E0C40\">9 h  Messe \u00e0 Cr\u00e9cy pour Claudine AVANZINI et Denise HOLLANDERS.<\/font><\/td>\n<td><font color=\"0E0C40\">10 h &#8211; Obs\u00e8ques \u00e0 Cr\u00e9cy de Michelle HAESE.<\/font><\/td>\n<\/tr>\n<tr>\n<td width=\"25%\"><font color=\"0020FF\">Samedi 21 mars<\/font><\/td>\n<td><font color=\"0020FF\">De 10 h 30 \u00e0 11 h 30 \u00e0 la salle paroissiale : Portes Ouvertes Atelier \u00ab\u00a0Motifs Celtiques\u00a0\u00bb<\/p>\n<p>18 h 30 &#8211; Messe \u00e0 Villiers Paulette LOINTIER et Marie-Jos\u00e9 NAUROY.<br \/>\n<\/font><\/td>\n<td><font color=\"0020FF\"><\/p>\n<div align=\"center\"><img decoding=\"async\" src=\"\/IMG\/lieux\/villiers_eglise2.jpg\"  width=150><\/div>\n<p><\/font><\/td>\n<\/tr>\n<tr>\n<td><font color=\"00CC00\">Dimanche 22 mars<i><br \/>5\u00e8me dimanche de Car\u00eame<\/i><\/font><\/td>\n<td><font color=\"00CC00\"><\/p>\n<div align=\"center\"><img decoding=\"async\" src=\"\/IMG\/lieux\/stgeorges11.jpg\"  width=150><\/div>\n<p><\/font><\/td>\n<td><font color=\"00CC00\">10 h 30 &#8211; Messe \u00e0 Cr\u00e9cy pour  Dominique BOISGONTIER et Jean-Yves LAIGROZ.<br \/>\nCe sera \u00e9galement la  troisi\u00e8me  \u00e9tape de Bapt\u00eame pour Marine .<\/p>\n<p>Samedi et dimanche : Qu\u00eate pour le CCFD<br \/>\n<\/font><\/td>\n<\/tr>\n<\/tbody>\n<\/table>\n","protected":false},"excerpt":{"rendered":"<p>Voici les annonces de la semaine du lundi 16 au dimanche 22 mars 2015 pour la paroisse des 3 clochers Cr\u00e9cy-la-Chapelle, Villiers-sur-Morin, Voulangis. Samedi 21 \u00e0\u00a0 18 h 30, messe \u00e0\u00a0 Villiers, Dimanche 22&#46;&#46;&#46;<\/p>\n","protected":false},"author":2,"featured_media":0,"comment_status":"open","ping_status":"open","sticky":false,"template":"","format":"standard","meta":{"footnotes":""},"categories":[],"tags":[],"class_list":["post-833","post","type-post","status-publish","format-standard","hentry"],"_links":{"self":[{"href":"http:\/\/www.chapelle-crecy.com\/index.php?rest_route=\/wp\/v2\/posts\/833","targetHints":{"allow":["GET"]}}],"collection":[{"href":"http:\/\/www.chapelle-crecy.com\/index.php?rest_route=\/wp\/v2\/posts"}],"about":[{"href":"http:\/\/www.chapelle-crecy.com\/index.php?rest_route=\/wp\/v2\/types\/post"}],"author":[{"embeddable":true,"href":"http:\/\/www.chapelle-crecy.com\/index.php?rest_route=\/wp\/v2\/users\/2"}],"replies":[{"embeddable":true,"href":"http:\/\/www.chapelle-crecy.com\/index.php?rest_route=%2Fwp%2Fv2%2Fcomments&post=833"}],"version-history":[{"count":0,"href":"http:\/\/www.chapelle-crecy.com\/index.php?rest_route=\/wp\/v2\/posts\/833\/revisions"}],"wp:attachment":[{"href":"http:\/\/www.chapelle-crecy.com\/index.php?rest_route=%2Fwp%2Fv2%2Fmedia&parent=833"}],"wp:term":[{"taxonomy":"category","embeddable":true,"href":"http:\/\/www.chapelle-crecy.com\/index.php?rest_route=%2Fwp%2Fv2%2Fcategories&post=833"},{"taxonomy":"post_tag","embeddable":true,"href":"http:\/\/www.chapelle-crecy.com\/index.php?rest_route=%2Fwp%2Fv2%2Ftags&post=833"}],"curies":[{"name":"wp","href":"https:\/\/api.w.org\/{rel}","templated":true}]}}