{"id":834,"date":"2015-03-15T21:07:16","date_gmt":"2015-03-15T21:07:16","guid":{"rendered":""},"modified":"-0001-11-30T00:00:00","modified_gmt":"-0001-11-29T22:00:00","slug":"","status":"publish","type":"post","link":"http:\/\/www.chapelle-crecy.com\/?p=834","title":{"rendered":"L&rsquo;atelier \u00c2\u00ab motifs celtiques \u00c2\u00bb expose ses Oeuvres \u00e2\u20ac\u00a6pour une bonne Oeuvre !"},"content":{"rendered":"<div align=\"justify\">Les enfants de l&rsquo;atelier \u00ab motifs celtiques \u00bb vous invitent le samedi 21 mars de 10h30 \u00e0\u00a0 11h30 \u00e0\u00a0 la salle paroissiale de Cr\u00e9cy pour vous pr\u00e9senter leurs oeuvres r\u00e9alis\u00e9es lors des diff\u00e9rentes s\u00e9ances de l&rsquo;atelier dans le cadre des \u00e9quipes de vie, en lien avec la cat\u00e9ch\u00e8se. Les r\u00e9alisations seront vendues le dimanche 29 mars \u00e0\u00a0 la sortie de la messe des Rameaux, au profit de l&rsquo;antenne du Secours Catholique de Cr\u00e9cy.<\/div>\n<p> <\/p>\n<div align=\"center\"><img decoding=\"async\" src=\"\/IMG\/jpg\/Atelier_celtique2.jpg\" width=\"550\"><\/div>\n<p> <\/p>\n<div align=\"justify\">\n Depuis la rentr\u00e9e du cat\u00e9 en octobre, il est propos\u00e9 aux enfants de participer \u00e0 une \u00e9quipe de vie, mise en pratique de vivre et d&rsquo;exp\u00e9rimenter leur foi dans l&rsquo;action, afin de l&rsquo;enraciner dans le concret de leur vie. Les enfants suivent bien s\u00fbr en parall\u00e8le le parcours de la cat\u00e9ch\u00e8se, pendant 4 ans \u00e0 partir du CE2, qui leur donne les fondamentaux de la foi \u00e0 travers les modules lors des s\u00e9ances de cat\u00e9.    <\/p>\n<div align=\"center\"><img decoding=\"async\" src=\"\/IMG\/jpg\/Atelier_celtique4.jpg\" width=\"550\"><\/div>\n<p><\/p>\n<div align=\"center\"><img decoding=\"async\" src=\"\/IMG\/jpg\/Atelier_celtique5.jpg\" width=\"550\"><\/div>\n<p> <br \/>\n L&rsquo;atelier \u00ab motifs celtiques \u00bba pour objectif de faire d\u00e9couvrir aux enfants le travail des moines et des artistes qui cr\u00e9aient tous ces motifs pour glorifier Dieu et leur faire comprendre que mettre tout son coeur dans un travail pour une bonne cause, c&rsquo;est une autre fa\u00e7on de prier. De plus, la vente du travail des jeunes \u00ab artistes \u00bb sera au profit d&rsquo;une oeuvre, celle du Secours Catholique de Cr\u00e9cy. La derni\u00e8re s\u00e9ance de l&rsquo;atelier, planifi\u00e9e ce samedi 21 mars au matin est l&rsquo;occasion pour voir en direct le travail des enfants et les encourager. Les portes de la salle paroissiale \u00e0 c\u00f4t\u00e9 du presbyt\u00e8re sont donc ouvertes pour vous accueillir. Les ventes se feront par contre le dimanche des Rameaux \u00e0 Cr\u00e9cy le 29 mars, \u00e0 la fin de la messe. Venez nombreux, aucun \u00ab motif \u00bb d&rsquo;absence n&rsquo;est autoris\u00e9 pour d\u00e9couvrir ces beaux \u00ab motifs \u00bb celtiques !<br \/>\n  <\/p>\n<div align=\"center\"><img decoding=\"async\" src=\"\/IMG\/jpg\/Atelier_celtique6.jpg\" width=\"550\"><\/div>\n<p> <br \/>\n Merci \u00e0 Nicole, Laurence et Ren\u00e9e d&rsquo;avoir \u00ab\u00a0encadrer\u00a0\u00bb les enfants pour les avoir aider \u00e0 r\u00e9aliser leurs petits \u00ab\u00a0tableaux\u00a0\u00bb celtiques &#8230;<br \/>\n  <\/p>\n<div align=\"center\"><img decoding=\"async\" src=\"\/IMG\/jpg\/Atelier_celtique1.jpg\" width=\"550\"><\/div>\n<p>\n Thierry Briane. \n<\/div>\n<div align=\"center\"><img decoding=\"async\" src=\"\/IMG\/jpg\/Atelier_celtique3.jpg\" width=\"550\"><\/div>\n<p><\/p>\n","protected":false},"excerpt":{"rendered":"<p>Les enfants de l&rsquo;atelier \u00ab motifs celtiques \u00bb vous invitent le samedi 21 mars de 10h30 \u00e0\u00a0 11h30 \u00e0\u00a0 la salle paroissiale de Cr\u00e9cy pour vous pr\u00e9senter leurs oeuvres r\u00e9alis\u00e9es lors des diff\u00e9rentes s\u00e9ances&#46;&#46;&#46;<\/p>\n","protected":false},"author":2,"featured_media":0,"comment_status":"open","ping_status":"open","sticky":false,"template":"","format":"standard","meta":{"footnotes":""},"categories":[],"tags":[],"class_list":["post-834","post","type-post","status-publish","format-standard","hentry"],"_links":{"self":[{"href":"http:\/\/www.chapelle-crecy.com\/index.php?rest_route=\/wp\/v2\/posts\/834","targetHints":{"allow":["GET"]}}],"collection":[{"href":"http:\/\/www.chapelle-crecy.com\/index.php?rest_route=\/wp\/v2\/posts"}],"about":[{"href":"http:\/\/www.chapelle-crecy.com\/index.php?rest_route=\/wp\/v2\/types\/post"}],"author":[{"embeddable":true,"href":"http:\/\/www.chapelle-crecy.com\/index.php?rest_route=\/wp\/v2\/users\/2"}],"replies":[{"embeddable":true,"href":"http:\/\/www.chapelle-crecy.com\/index.php?rest_route=%2Fwp%2Fv2%2Fcomments&post=834"}],"version-history":[{"count":0,"href":"http:\/\/www.chapelle-crecy.com\/index.php?rest_route=\/wp\/v2\/posts\/834\/revisions"}],"wp:attachment":[{"href":"http:\/\/www.chapelle-crecy.com\/index.php?rest_route=%2Fwp%2Fv2%2Fmedia&parent=834"}],"wp:term":[{"taxonomy":"category","embeddable":true,"href":"http:\/\/www.chapelle-crecy.com\/index.php?rest_route=%2Fwp%2Fv2%2Fcategories&post=834"},{"taxonomy":"post_tag","embeddable":true,"href":"http:\/\/www.chapelle-crecy.com\/index.php?rest_route=%2Fwp%2Fv2%2Ftags&post=834"}],"curies":[{"name":"wp","href":"https:\/\/api.w.org\/{rel}","templated":true}]}}