{"id":835,"date":"2015-03-19T00:05:00","date_gmt":"2015-03-19T00:05:00","guid":{"rendered":""},"modified":"-0001-11-30T00:00:00","modified_gmt":"-0001-11-29T22:00:00","slug":"","status":"publish","type":"post","link":"http:\/\/www.chapelle-crecy.com\/?p=835","title":{"rendered":"Saint Joseph  f\u00eat\u00e9 ce 19 mars"},"content":{"rendered":"<div align=\"justify\">\u00ab\u00a0C&rsquo;\u00e9tait un juste\u00a0\u00bb selon l&rsquo;\u00e9vangile de saint Matthieu, chapitre 1, verset 19.<br \/>\nLes \u00e9vang\u00e9listes ne nous ont conserv\u00e9 aucune parole de ce \u00ab\u00a0juste\u00a0\u00bb, le charpentier de Nazareth en Galil\u00e9e, fianc\u00e9 de Marie, la M\u00e8re de Dieu, \u00e9poux aussi discret que fid\u00e8le et chaste.<br \/>\nNous f\u00eatons aujourd&rsquo;hui 19 mars, saint Joseph, patron des familles, des p\u00e8res de familles et des artisans.<br \/>\nRetrouvez la vie de ce [grand saint->http:\/\/nominis.cef.fr\/contenus\/fetes\/19\/3\/2015\/19-Mars-2015.html] sur le site de la [FNPLC->www.fnplc.org] (en bas de la page d&rsquo;accueil)<\/p>\n<div align=\"center\"><img decoding=\"async\" src=\"\/IMG\/jpg\/fnplc.jpg\n\" width=400 height=200><\/div>\n<\/div>\n<div align=\"justify\">\n Pri\u00e8re<\/p>\n<p> Bon St Joseph,<\/p>\n<p> Lorsque tu es parti pr\u00e9cipitamment en Egypte, tu as d\u00fb confier \u00e0 la Providence la demeure que tu quittais, le toit que tu avais pr\u00e9par\u00e9 avec Marie pour l&rsquo;Enfant J\u00e9sus. Bon Saint Joseph, nous te confions toutes les personnes qui sont sans abri.<\/p>\n<p> Tu as \u00e9galement veill\u00e9 avec tant d&rsquo;amour sur J\u00e9sus et Marie afin qu&rsquo;ils aient toujours un toit tout en souffrant parfois de ne pas \u00eatre accueilli ni log\u00e9 au moment o\u00f9 vous aviez besoin d&rsquo;aide. Tu as toujours eu confiance en la Providence du P\u00e8re du Ciel qui t&rsquo;a confi\u00e9 la Sainte Famille. Bon Saint Joseph, nous te confions tous les p\u00e8res de famille. Qu&rsquo;ils sachent trouver en toi la force de garder leurs familles unies.<\/p>\n<p> St Joseph, priez et interc\u00e9dez pour nous afin que la volont\u00e9 de Dieu se fasse pour toutes les familles qui traversent des situations difficiles. Merci bon Saint Joseph.\n<\/p><\/div>\n","protected":false},"excerpt":{"rendered":"<p>\u00ab\u00a0C&rsquo;\u00e9tait un juste\u00a0\u00bb selon l&rsquo;\u00e9vangile de saint Matthieu, chapitre 1, verset 19. Les \u00e9vang\u00e9listes ne nous ont conserv\u00e9 aucune parole de ce \u00ab\u00a0juste\u00a0\u00bb, le charpentier de Nazareth en Galil\u00e9e, fianc\u00e9 de Marie, la M\u00e8re&#46;&#46;&#46;<\/p>\n","protected":false},"author":2,"featured_media":0,"comment_status":"open","ping_status":"open","sticky":false,"template":"","format":"standard","meta":{"footnotes":""},"categories":[],"tags":[],"class_list":["post-835","post","type-post","status-publish","format-standard","hentry"],"_links":{"self":[{"href":"http:\/\/www.chapelle-crecy.com\/index.php?rest_route=\/wp\/v2\/posts\/835","targetHints":{"allow":["GET"]}}],"collection":[{"href":"http:\/\/www.chapelle-crecy.com\/index.php?rest_route=\/wp\/v2\/posts"}],"about":[{"href":"http:\/\/www.chapelle-crecy.com\/index.php?rest_route=\/wp\/v2\/types\/post"}],"author":[{"embeddable":true,"href":"http:\/\/www.chapelle-crecy.com\/index.php?rest_route=\/wp\/v2\/users\/2"}],"replies":[{"embeddable":true,"href":"http:\/\/www.chapelle-crecy.com\/index.php?rest_route=%2Fwp%2Fv2%2Fcomments&post=835"}],"version-history":[{"count":0,"href":"http:\/\/www.chapelle-crecy.com\/index.php?rest_route=\/wp\/v2\/posts\/835\/revisions"}],"wp:attachment":[{"href":"http:\/\/www.chapelle-crecy.com\/index.php?rest_route=%2Fwp%2Fv2%2Fmedia&parent=835"}],"wp:term":[{"taxonomy":"category","embeddable":true,"href":"http:\/\/www.chapelle-crecy.com\/index.php?rest_route=%2Fwp%2Fv2%2Fcategories&post=835"},{"taxonomy":"post_tag","embeddable":true,"href":"http:\/\/www.chapelle-crecy.com\/index.php?rest_route=%2Fwp%2Fv2%2Ftags&post=835"}],"curies":[{"name":"wp","href":"https:\/\/api.w.org\/{rel}","templated":true}]}}