{"id":837,"date":"2015-03-21T21:08:09","date_gmt":"2015-03-21T21:08:09","guid":{"rendered":""},"modified":"-0001-11-30T00:00:00","modified_gmt":"-0001-11-29T22:00:00","slug":"","status":"publish","type":"post","link":"http:\/\/www.chapelle-crecy.com\/?p=837","title":{"rendered":"Annonces de la semaine du 23 au 29 mars 2015"},"content":{"rendered":"<table bgcolor =\"F0FAFF\" border=0>\n<tbody>\n<tr>\n<td>\n<div align=\"justify\">\n<div \"787\">Voici les annonces de la semaine du lundi 23 au dimanche 29 mars 2015 pour la paroisse des 3 clochers Cr\u00e9cy-la-Chapelle, Villiers-sur-Morin, Voulangis. <\/p>\n<p>Samedi 28 \u00e0\u00a0 18 h 30, messe \u00e0\u00a0<br \/>\nVoulangis,<br \/>\nDimanche 29 \u00e0\u00a0 10 h 30, messe \u00e0\u00a0 Cr\u00e9cy.<\/p>\n<p>Tous les d\u00e9tails dans la suite &#8230;<\/p><\/div>\n<\/div>\n<\/td>\n<\/tr>\n<\/tbody>\n<\/table>\n<table bgcolor =\"F0F6FF\" border=0>\n<tbody>\n<tr>\n<td width=\"25%\"><font color=\"00CC00\">Lundi 23 mars<\/font><\/td>\n<td><font color=\"00CC00\"><\/p>\n<div align=\"center\"><img decoding=\"async\" src=\"\/IMG\/jpg\/MR_Crecy_2.jpg\" width=150><\/div>\n<p><\/font><\/td>\n<td><font color=\"00CC00\">17 h &#8211; C\u00e9l\u00e9bration  \u00e0 la Maison de Retraite.<br \/> <br \/>\n<\/font><\/td>\n<\/tr>\n<tr>\n<td width=\"25%\"><font color=\"0E0C40\">Mardi 24 mars<\/font><\/td>\n<td><font color=\"0E0C40\">18 h &#8211; Messe \u00e0 Cr\u00e9cy pour Odette CAROUGE et Olivier LANDRIEUX.<\/font><\/td>\n<td><font color=\"0E0C40\"><\/p>\n<div align=\"center\"><img decoding=\"async\" src=\"\/IMG\/personnes\/francois1.jpg\"  width=150><\/div>\n<p><\/font><\/td>\n<\/tr>\n<tr>\n<td width=\"25%\"><font color=\"0020FF\">Mercredi 25 mars<\/font><\/td>\n<td><font color=\"0020FF\">19 h 30 &#8211;  Soir\u00e9e de Car\u00eame \u00ab Bol de riz \u00bb \u00e0 la salle paroissiale.<\/font><\/td>\n<td><font color=\"0020FF\">20 h 30 &#8211; SOLENNITE DE  L&rsquo;ANNONCIATION.<br \/>Messe \u00e0 Cr\u00e9cy pour Georges PICARD et Jean PANHARD<\/font><\/td>\n<\/tr>\n<tr>\n<td width=\"25%\"><font color=\"00CC00\">Jeudi 26 mars<\/font><\/td>\n<td><font color=\"00CC00\">9 h &#8211; Messe \u00e0 Cr\u00e9cy pour Pascal DUBUS et Michel COUTAREL.<\/font><\/td>\n<td><font color=\"00CC00\">15 h &#8211; \u00e0 Villiers obs\u00e8ques de Patout Henri.<\/font><\/td>\n<\/tr>\n<tr>\n<td width=\"25%\"><font color=\"0E0C40\">Vendredi 27 mars<\/font><\/td>\n<td><font color=\"0E0C40\"><\/p>\n<div align=\"center\"><img decoding=\"async\" src=\"\/IMG\/personnes\/francois3.jpg\"  width=150><\/div>\n<p><\/font><\/td>\n<td><font color=\"0E0C40\">9 h    Messe \u00e0 Cr\u00e9cy pour  Michel DEDIEU et Jean-Charles POTEL.<\/font><\/td>\n<\/tr>\n<tr>\n<td width=\"25%\"><font color=\"0020FF\">Samedi 28 mars<\/font><\/td>\n<td><font color=\"0020FF\">14 h &#8211;  Eveil \u00e0 la Foi, \u00e0 la salle paroissiale.<br \/>\n18 h 30  A Voulangis , Messe anticip\u00e9e des Rameaux. <br \/>\nNous prierons pour Maryvonne MATHONNET, Jean ROSIER et pour Alexandre et Antoinette GRIFFON.<br \/>\n<\/font><\/td>\n<td><font color=\"0020FF\">20  h &#8211; R\u00e9union de Pr\u00e9paration au Mariage \u00e0 la salle paroissiale<\/font><\/td>\n<\/tr>\n<tr>\n<td><font color=\"00CC00\">Dimanche 29 mars<i><br \/>Dimanche des RAMEAUX et de la PASSION<\/i><\/font><\/td>\n<td><font color=\"00CC00\"><\/p>\n<div align=\"center\"><img decoding=\"async\" src=\"\/IMG\/lieux\/stgeorges14.jpg\"  width=150><\/div>\n<p><\/font><\/td>\n<td><font color=\"00CC00\">10 h 30 &#8211; Messe \u00e0 Cr\u00e9cy.<br \/>\nApr\u00e8s la messe, vente du travail des jeunes cat\u00e9chistes de l&rsquo;atelier \u00ab motifs celtiques \u00bb au profit du Secours Catholique de Cr\u00e9cy.<br \/>\n<\/font><\/td>\n<\/tr>\n<\/tbody>\n<\/table>\n","protected":false},"excerpt":{"rendered":"<p>Voici les annonces de la semaine du lundi 23 au dimanche 29 mars 2015 pour la paroisse des 3 clochers Cr\u00e9cy-la-Chapelle, Villiers-sur-Morin, Voulangis. Samedi 28 \u00e0\u00a0 18 h 30, messe \u00e0\u00a0 Voulangis, Dimanche 29&#46;&#46;&#46;<\/p>\n","protected":false},"author":2,"featured_media":0,"comment_status":"open","ping_status":"open","sticky":false,"template":"","format":"standard","meta":{"footnotes":""},"categories":[],"tags":[],"class_list":["post-837","post","type-post","status-publish","format-standard","hentry"],"_links":{"self":[{"href":"http:\/\/www.chapelle-crecy.com\/index.php?rest_route=\/wp\/v2\/posts\/837","targetHints":{"allow":["GET"]}}],"collection":[{"href":"http:\/\/www.chapelle-crecy.com\/index.php?rest_route=\/wp\/v2\/posts"}],"about":[{"href":"http:\/\/www.chapelle-crecy.com\/index.php?rest_route=\/wp\/v2\/types\/post"}],"author":[{"embeddable":true,"href":"http:\/\/www.chapelle-crecy.com\/index.php?rest_route=\/wp\/v2\/users\/2"}],"replies":[{"embeddable":true,"href":"http:\/\/www.chapelle-crecy.com\/index.php?rest_route=%2Fwp%2Fv2%2Fcomments&post=837"}],"version-history":[{"count":0,"href":"http:\/\/www.chapelle-crecy.com\/index.php?rest_route=\/wp\/v2\/posts\/837\/revisions"}],"wp:attachment":[{"href":"http:\/\/www.chapelle-crecy.com\/index.php?rest_route=%2Fwp%2Fv2%2Fmedia&parent=837"}],"wp:term":[{"taxonomy":"category","embeddable":true,"href":"http:\/\/www.chapelle-crecy.com\/index.php?rest_route=%2Fwp%2Fv2%2Fcategories&post=837"},{"taxonomy":"post_tag","embeddable":true,"href":"http:\/\/www.chapelle-crecy.com\/index.php?rest_route=%2Fwp%2Fv2%2Ftags&post=837"}],"curies":[{"name":"wp","href":"https:\/\/api.w.org\/{rel}","templated":true}]}}