{"id":838,"date":"2015-03-24T01:10:39","date_gmt":"2015-03-24T01:10:39","guid":{"rendered":""},"modified":"-0001-11-30T00:00:00","modified_gmt":"-0001-11-29T22:00:00","slug":"","status":"publish","type":"post","link":"http:\/\/www.chapelle-crecy.com\/?p=838","title":{"rendered":"Soir\u00e9e \u00ab\u00a0bol de riz\u00a0\u00bb"},"content":{"rendered":"<div align=\"justify\">Nous le savons tous, les communaut\u00e9s chr\u00e9tiennes orientales et les minorit\u00e9s sont pers\u00e9cut\u00e9es partout \u00e0\u00a0 travers le monde. Comme nous le demandent  les \u00e9v\u00eaques, les catholiques de France et notamment ceux de Cr\u00e9cy redisent leur communion avec tous ces chr\u00e9tiens afflig\u00e9s.<br \/>\nPar des soir\u00e9es \u00ab\u00a0bol de riz\u00a0\u00bb, temps de je\u00fbne, en partageant comme repas un simple bol de riz, nous sommes tous invit\u00e9s \u00e0\u00a0 vivre ce temps de pri\u00e8re et de solidarit\u00e9 envers nos fr\u00e8res chr\u00e9tiens, \u00e0\u00a0 la salle paroissiale de Cr\u00e9cy, le mercredi 25 mars \u00e0\u00a0 19h30.<br \/>\nLa situation \u00e9conomique est difficile aussi pour nous en France; pourtant, en ce temps b\u00e9ni du car\u00eame, en donnant l&rsquo;\u00e9quivalent du prix d&rsquo;un repas \u00e0\u00a0 nos fr\u00e8res pers\u00e9cut\u00e9s, m\u00eame si c&rsquo;est peu, nous nous faisons du bien les uns pour les autres et Dieu nous b\u00e9nit.<\/div>\n<div align=\"justify\">\n AUTRE PROPOSITION DE SOIREE \u00abBOL DE RIZ\u00bb, le Mercredi 25 mars d\u00e8s 20h, au Centre P\u00e8re Damien, 24 rue Beaumarchais \u00e0 Meaux<\/p>\n<p> &#8211; Nous commencerons par le bol de riz et ferons une qu\u00eate dont la totalit\u00e9 de la somme re\u00e7ue sera revers\u00e9e \u00e0 la fondation Raoul Follereau.<br \/>\n &#8211; Afin d&rsquo;offrir un panier \u00e0 une association caritative de Meaux, nous ferons appel \u00e0 votre g\u00e9n\u00e9rosit\u00e9 et selon vos possibilit\u00e9s, pour venir avec des denr\u00e9es non p\u00e9rissables (Riz, Bo \u00eetes de conserves etc.).<br \/>\n &#8211; Et si vous n&rsquo;avez rien, venez avec vos pri\u00e8res, car seule votre pr\u00e9sence compte.<\/p>\n<p> Un film vous sera pr\u00e9sent\u00e9 sur St Damien de Veuster pour clore la soir\u00e9e.<br \/>\n Venez nombreux partager cette soir\u00e9e de Car\u00eame en union de pri\u00e8res.<\/p>\n<p> Emilienne HAPPI<\/p>\n<p> Paroisse Ste C\u00e9line St Faron<br \/>\n Equipe d&rsquo;Animation Pastorale<br \/>\n Accueil Communication<br \/>\n Saint Damien &#8211; Saint Jean Bosco<\/p>\n<\/div>\n","protected":false},"excerpt":{"rendered":"<p>Nous le savons tous, les communaut\u00e9s chr\u00e9tiennes orientales et les minorit\u00e9s sont pers\u00e9cut\u00e9es partout \u00e0\u00a0 travers le monde. Comme nous le demandent les \u00e9v\u00eaques, les catholiques de France et notamment ceux de Cr\u00e9cy redisent&#46;&#46;&#46;<\/p>\n","protected":false},"author":2,"featured_media":0,"comment_status":"open","ping_status":"open","sticky":false,"template":"","format":"standard","meta":{"footnotes":""},"categories":[],"tags":[],"class_list":["post-838","post","type-post","status-publish","format-standard","hentry"],"_links":{"self":[{"href":"http:\/\/www.chapelle-crecy.com\/index.php?rest_route=\/wp\/v2\/posts\/838","targetHints":{"allow":["GET"]}}],"collection":[{"href":"http:\/\/www.chapelle-crecy.com\/index.php?rest_route=\/wp\/v2\/posts"}],"about":[{"href":"http:\/\/www.chapelle-crecy.com\/index.php?rest_route=\/wp\/v2\/types\/post"}],"author":[{"embeddable":true,"href":"http:\/\/www.chapelle-crecy.com\/index.php?rest_route=\/wp\/v2\/users\/2"}],"replies":[{"embeddable":true,"href":"http:\/\/www.chapelle-crecy.com\/index.php?rest_route=%2Fwp%2Fv2%2Fcomments&post=838"}],"version-history":[{"count":0,"href":"http:\/\/www.chapelle-crecy.com\/index.php?rest_route=\/wp\/v2\/posts\/838\/revisions"}],"wp:attachment":[{"href":"http:\/\/www.chapelle-crecy.com\/index.php?rest_route=%2Fwp%2Fv2%2Fmedia&parent=838"}],"wp:term":[{"taxonomy":"category","embeddable":true,"href":"http:\/\/www.chapelle-crecy.com\/index.php?rest_route=%2Fwp%2Fv2%2Fcategories&post=838"},{"taxonomy":"post_tag","embeddable":true,"href":"http:\/\/www.chapelle-crecy.com\/index.php?rest_route=%2Fwp%2Fv2%2Ftags&post=838"}],"curies":[{"name":"wp","href":"https:\/\/api.w.org\/{rel}","templated":true}]}}