{"id":839,"date":"2015-03-28T21:09:53","date_gmt":"2015-03-28T21:09:53","guid":{"rendered":""},"modified":"-0001-11-30T00:00:00","modified_gmt":"-0001-11-29T22:00:00","slug":"","status":"publish","type":"post","link":"http:\/\/www.chapelle-crecy.com\/?p=839","title":{"rendered":"Annonces de la semaine du 30 mars au 5 avril 2015"},"content":{"rendered":"<table bgcolor =\"F0FAFF\" border=0>\n<tbody>\n<tr>\n<td>\n<div align=\"justify\">\n<div \"789\">Voici les annonces de la semaine du lundi 30 mars au dimanche 5 avril 2015 pour la paroisse des 3 clochers Cr\u00e9cy-la-Chapelle, Villiers-sur-Morin, Voulangis. <\/p>\n<p>Jeudi 2 \u00e0\u00a0 20 h 30, jeudi saint \u00e0\u00a0 Cr\u00e9cy,<br \/>\nvendredi 3 \u00e0\u00a0 20 h 30 vendredi saint \u00e0\u00a0 Cr\u00e9cy, <br \/>\nSamedi 4 \u00e0\u00a0 21 h vigile pascale \u00e0\u00a0 Cr\u00e9cy, <br \/>\nDimanche 5 \u00e0\u00a0 10 h 30, messe de P\u00e2ques \u00e0\u00a0 Villiers<br \/>\nTous les d\u00e9tails dans la suite &#8230;<\/div>\n<\/div>\n<\/td>\n<\/tr>\n<\/tbody>\n<\/table>\n<table bgcolor =\"F0F6FF\" border=0>\n<tbody>\n<tr>\n<td width=\"25%\"><font color=\"00CC00\">Lundi 30 mars<\/font><\/td>\n<td><font color=\"00CC00\"><\/p>\n<div align=\"center\"><img decoding=\"async\" src=\"\/IMG\/jpg\/MR_Crecy_2.jpg\" width=150><\/div>\n<p><\/font><\/td>\n<td><font color=\"00CC00\">17 h &#8211; Messe des Rameaux   \u00e0 la Maison de Retraite. Nous prierons pour la famille LEROY-LEFEBVRE .<br \/> <br \/>\n<\/font><\/td>\n<\/tr>\n<tr>\n<td width=\"25%\"><font color=\"0E0C40\">Mardi 31 mars<\/font><\/td>\n<td><font color=\"0E0C40\">9 h &#8211; Messe \u00e0 Cr\u00e9cy pour Violette CHILLY et Gis\u00e8le LANDRIN.<\/font><\/td>\n<td><font color=\"0E0C40\">20 h 30  C\u00e9l\u00e9bration p\u00e9nitentielle \u00e0 Cr\u00e9cy.<\/font><\/td>\n<\/tr>\n<tr>\n<td width=\"25%\"><font color=\"0020FF\">Mercredi 1er avril<\/font><\/td>\n<td><font color=\"0020FF\">Messe Chrismale \u00e0 la Cath\u00e9drale de Meaux \u00e0 20 h.<\/font><\/td>\n<td><font color=\"0020FF\"><\/p>\n<div align=\"center\"><img decoding=\"async\" src=\"\/IMG\/jpg\/DESSIN_CATHE_ST-ETIENNE.jpg\"  width=150><\/div>\n<p><\/font><\/td>\n<\/tr>\n<tr>\n<td width=\"25%\"><font color=\"00CC00\">Jeudi 2 avril<br \/>JEUDI SAINT<\/font><\/td>\n<td><font color=\"00CC00\"><\/p>\n<div align=\"center\"><img decoding=\"async\" src=\"\/IMG\/jpg\/jeudi_saint.jpg\"  width=150><\/div>\n<p><\/font><\/td>\n<td><font color=\"00CC00\">20 h 30   C\u00e9l\u00e9bration de la Sainte C\u00e8ne \u00e0 Cr\u00e9cy.<br \/>\n<\/font><\/td>\n<\/tr>\n<tr>\n<td width=\"25%\"><font color=\"0E0C40\">Vendredi 3 avril<br \/>\nVENDREDI SAINT<\/font><\/td>\n<td><font color=\"0E0C40\">Chemin de Croix :  <br \/>\n11 h \u00e0 Voulangis<br \/> <br \/>\n15 h \u00e0 Villiers<br \/>\n17 h \u00e0 Cr\u00e9cy<\/div>\n<p><\/font><\/td>\n<td><font color=\"0E0C40\">20 h 30  C\u00e9l\u00e9bration de la Passion du Seigneur \u00e0 Cr\u00e9cy.<\/font><\/td>\n<\/tr>\n<tr>\n<td width=\"25%\"><font color=\"0020FF\">Samedi 4 avril<\/font><\/td>\n<td><font color=\"0020FF\">21 h &#8211;   VIGILE PASCALE  \u00e0 Cr\u00e9cy.<br \/>\nNous prierons aussi  pour Henri PATOUT r\u00e9cemment d\u00e9c\u00e9d\u00e9.<br \/>\n<\/font><\/td>\n<td><font color=\"0020FF\"><\/p>\n<div align=\"center\"><img decoding=\"async\" src=\"\/IMG\/jpg\/feu2.jpg\"  width=150><\/div>\n<p><\/font><\/td>\n<\/tr>\n<tr>\n<td><font color=\"00CC00\">Dimanche 5 avril<i><br \/>Dimanche de p\u00e2ques<\/i><\/font><\/td>\n<td><font color=\"00CC00\"><\/p>\n<div align=\"center\"><img decoding=\"async\" src=\"\/IMG\/lieux\/villiers_eglise.jpg\"  width=150><\/div>\n<p><\/font><\/td>\n<td><font color=\"00CC00\">10 h 30 &#8211; MESSE DU JOUR DE PAQUES \u00e0 Villiers.<br \/>\n<\/font><\/td>\n<\/tr>\n<\/tbody>\n<\/table>\n","protected":false},"excerpt":{"rendered":"<p>Voici les annonces de la semaine du lundi 30 mars au dimanche 5 avril 2015 pour la paroisse des 3 clochers Cr\u00e9cy-la-Chapelle, Villiers-sur-Morin, Voulangis. Jeudi 2 \u00e0\u00a0 20 h 30, jeudi saint \u00e0\u00a0 Cr\u00e9cy,&#46;&#46;&#46;<\/p>\n","protected":false},"author":2,"featured_media":0,"comment_status":"open","ping_status":"open","sticky":false,"template":"","format":"standard","meta":{"footnotes":""},"categories":[],"tags":[],"class_list":["post-839","post","type-post","status-publish","format-standard","hentry"],"_links":{"self":[{"href":"http:\/\/www.chapelle-crecy.com\/index.php?rest_route=\/wp\/v2\/posts\/839","targetHints":{"allow":["GET"]}}],"collection":[{"href":"http:\/\/www.chapelle-crecy.com\/index.php?rest_route=\/wp\/v2\/posts"}],"about":[{"href":"http:\/\/www.chapelle-crecy.com\/index.php?rest_route=\/wp\/v2\/types\/post"}],"author":[{"embeddable":true,"href":"http:\/\/www.chapelle-crecy.com\/index.php?rest_route=\/wp\/v2\/users\/2"}],"replies":[{"embeddable":true,"href":"http:\/\/www.chapelle-crecy.com\/index.php?rest_route=%2Fwp%2Fv2%2Fcomments&post=839"}],"version-history":[{"count":0,"href":"http:\/\/www.chapelle-crecy.com\/index.php?rest_route=\/wp\/v2\/posts\/839\/revisions"}],"wp:attachment":[{"href":"http:\/\/www.chapelle-crecy.com\/index.php?rest_route=%2Fwp%2Fv2%2Fmedia&parent=839"}],"wp:term":[{"taxonomy":"category","embeddable":true,"href":"http:\/\/www.chapelle-crecy.com\/index.php?rest_route=%2Fwp%2Fv2%2Fcategories&post=839"},{"taxonomy":"post_tag","embeddable":true,"href":"http:\/\/www.chapelle-crecy.com\/index.php?rest_route=%2Fwp%2Fv2%2Ftags&post=839"}],"curies":[{"name":"wp","href":"https:\/\/api.w.org\/{rel}","templated":true}]}}