{"id":840,"date":"2017-08-25T09:00:00","date_gmt":"2017-08-25T09:00:00","guid":{"rendered":""},"modified":"-0001-11-30T00:00:00","modified_gmt":"-0001-11-29T22:00:00","slug":"","status":"publish","type":"post","link":"http:\/\/www.chapelle-crecy.com\/?p=840","title":{"rendered":"Souvenirs Souvenirs: la Passion de J\u00e9sus-Christ \u00e0\u00a0 Cr\u00e9cy-la-Chapelle"},"content":{"rendered":"<div align=\"center\"><img decoding=\"async\" src=\"\/IMG\/personnes\/Jeanpaul02.jpg\" width=350><\/div>\n<div align=\"justify\">C&rsquo;\u00e9tait il y a un peu plus de 2000 ans, le Christ a donn\u00e9 sa vie pour nous tous, qui que nous soyons, apr\u00e8s avoir subi toutes sortes de blasph\u00e8mes, d&rsquo;injures, d&rsquo;injustices.<br \/>\n Il y a 20 ans, \u00e0 l&rsquo;occasion de la venue du Pape Jean-Paul II \u00e0 Paris, en ao\u00fbt 1997, le P\u00e8re Duhamel d\u00e9cidait de rassembler les jeunes du secteur de Cr\u00e9cy-la-Chapelle et pris l&rsquo;initiative de \u00ab\u00a0monter\u00a0\u00bb un Chemin de Croix en 9 tableaux vivants.<br \/>\n Nous avons retrouv\u00e9 l&rsquo;enregistrement sur une cassette VHS. Les moyens techniques modernes nous ont permis de num\u00e9riser cette vid\u00e9o inoubliable. Nous vous pr\u00e9sentons ici:<br \/>\n <iframe loading=\"lazy\" width=\"560\" height=\"315\" src=\"https:\/\/www.youtube.com\/embed\/xl6oKFzUJ_A\" frameborder=\"0\" allowfullscreen><\/iframe><br \/>\n le r\u00e9sum\u00e9 d&rsquo;une dur\u00e9e d&rsquo;un bon quart d&rsquo;heure de cette repr\u00e9sentation \u00ab\u00a0th\u00e9\u00e2trale\u00a0\u00bb que la paroisse de Cr\u00e9cy, avec l&rsquo;aide d&rsquo;acteurs locaux b\u00e9n\u00e9voles et l&rsquo;\u00e9nergie de quelques familles du secteur, a \u00e9t\u00e9 capable de mettre en oeuvre.<br \/>\n La Passion de Notre Seigneur J\u00e9sus-Christ reste un grand myst\u00e8re. Cette mise en sc\u00e8ne avait simplement pour but de permettre aux 400 jeunes polonais et portugais pr\u00e9sents sur le Pr\u00e9 Manche, tous invit\u00e9s aux JMJ Paris 1997, ainsi que tous les paroissiens du secteur d&rsquo;entrer en pri\u00e8re pour aller \u00e0 la rencontre de Jean-Paul II, cet ap\u00f4tre infatigable de J\u00e9sus-Christ.<br \/>\n Pour mieux entrer en m\u00e9ditation en ce Vendredi Saint, nous vous proposons de commencer d\u00e8s aujourd&rsquo;hui, [la neuvaine \u00e0 La Mis\u00e9ricorde Divine->http:\/\/www.etoilenotredame.org\/NeuvaineMisericorde.pdf].<\/div>\n","protected":false},"excerpt":{"rendered":"<p>C&rsquo;\u00e9tait il y a un peu plus de 2000 ans, le Christ a donn\u00e9 sa vie pour nous tous, qui que nous soyons, apr\u00e8s avoir subi toutes sortes de blasph\u00e8mes, d&rsquo;injures, d&rsquo;injustices. Il y&#46;&#46;&#46;<\/p>\n","protected":false},"author":2,"featured_media":0,"comment_status":"open","ping_status":"open","sticky":false,"template":"","format":"standard","meta":{"footnotes":""},"categories":[],"tags":[],"class_list":["post-840","post","type-post","status-publish","format-standard","hentry"],"_links":{"self":[{"href":"http:\/\/www.chapelle-crecy.com\/index.php?rest_route=\/wp\/v2\/posts\/840","targetHints":{"allow":["GET"]}}],"collection":[{"href":"http:\/\/www.chapelle-crecy.com\/index.php?rest_route=\/wp\/v2\/posts"}],"about":[{"href":"http:\/\/www.chapelle-crecy.com\/index.php?rest_route=\/wp\/v2\/types\/post"}],"author":[{"embeddable":true,"href":"http:\/\/www.chapelle-crecy.com\/index.php?rest_route=\/wp\/v2\/users\/2"}],"replies":[{"embeddable":true,"href":"http:\/\/www.chapelle-crecy.com\/index.php?rest_route=%2Fwp%2Fv2%2Fcomments&post=840"}],"version-history":[{"count":0,"href":"http:\/\/www.chapelle-crecy.com\/index.php?rest_route=\/wp\/v2\/posts\/840\/revisions"}],"wp:attachment":[{"href":"http:\/\/www.chapelle-crecy.com\/index.php?rest_route=%2Fwp%2Fv2%2Fmedia&parent=840"}],"wp:term":[{"taxonomy":"category","embeddable":true,"href":"http:\/\/www.chapelle-crecy.com\/index.php?rest_route=%2Fwp%2Fv2%2Fcategories&post=840"},{"taxonomy":"post_tag","embeddable":true,"href":"http:\/\/www.chapelle-crecy.com\/index.php?rest_route=%2Fwp%2Fv2%2Ftags&post=840"}],"curies":[{"name":"wp","href":"https:\/\/api.w.org\/{rel}","templated":true}]}}