{"id":841,"date":"2015-04-03T22:16:26","date_gmt":"2015-04-03T22:16:26","guid":{"rendered":""},"modified":"-0001-11-30T00:00:00","modified_gmt":"-0001-11-29T22:00:00","slug":"","status":"publish","type":"post","link":"http:\/\/www.chapelle-crecy.com\/?p=841","title":{"rendered":"Annonces de la semaine du 6 au 12 avril 2015"},"content":{"rendered":"<table bgcolor =\"F0FAFF\" border=0>\n<tbody>\n<tr>\n<td>\n<div align=\"justify\">\n<div \"791\">Voici les annonces de la semaine du lundi 6 au dimanche 12 avril 2015 pour la paroisse des 3 clochers Cr\u00e9cy-la-Chapelle, Villiers-sur-Morin, Voulangis. <\/p>\n<p>Samedi 11 \u00e0\u00a0 18 h 30 messe \u00e0\u00a0 Voulangis, <br \/>\nDimanche 12 \u00e0\u00a0 10 h 30, messe \u00e0\u00a0 Cr\u00e9cy<br \/>\nTous les d\u00e9tails dans la suite &#8230;<\/div>\n<\/div>\n<\/td>\n<\/tr>\n<\/tbody>\n<\/table>\n<table bgcolor =\"F0F6FF\" border=0>\n<tbody>\n<tr>\n<td width=\"25%\"><font color=\"00CC00\">Lundi 6 avril<\/font><\/td>\n<td><font color=\"00CC00\"><\/p>\n<div align=\"center\"><img decoding=\"async\" src=\"\/IMG\/jpg\/MR_Crecy_2.jpg\" width=150><\/div>\n<p><\/font><\/td>\n<td><font color=\"00CC00\">17  h  Messe de  P\u00e2ques \u00e0 la Maison de Retraite.<br \/>\n<\/font><\/td>\n<\/tr>\n<tr>\n<td width=\"25%\"><font color=\"0E0C40\">Mardi 7 avril<\/font><\/td>\n<td><font color=\"0E0C40\">14 h 30 &#8211;  Obs\u00e8ques de Pierre BOURGET \u00e0 Cr\u00e9cy.<\/font><\/td>\n<td><font color=\"0E0C40\">18  h &#8211;  Messe \u00e0 Cr\u00e9cy pour Jean-Claude KRYVENAC  et Gaby BEAUMONT.<\/font><\/td>\n<\/tr>\n<tr>\n<td width=\"25%\"><font color=\"0020FF\">Mercredi 8 avril<\/font><\/td>\n<td><font color=\"0020FF\">9 h   Messe \u00e0 Cr\u00e9cy pour  Lucien GORRET, Georges PICARD et Andr\u00e9 HUVELIN.<\/font><\/td>\n<td><font color=\"0020FF\">10 h 15 &#8211; Obs\u00e8ques \u00e0 Villiers de G\u00e9rard LOYER.<br \/>\n<\/font><\/td>\n<\/tr>\n<tr>\n<td width=\"25%\"><font color=\"00CC00\">Jeudi 9 avril<\/font><\/td>\n<td><font color=\"00CC00\"><\/p>\n<div align=\"center\">\n<div align=\"center\"><img decoding=\"async\" src=\"\/IMG\/lieux\/stgeorges15.jpg\"  width=150><\/div>\n<\/div>\n<p><\/font><\/td>\n<td><font color=\"00CC00\">9 h &#8211;  Messe \u00e0 Cr\u00e9cy pour Germaine VERNILLET et Claudie SIMON et Claudine GROSJEAN.<br \/>\n<\/font><\/td>\n<\/tr>\n<tr>\n<td width=\"25%\"><font color=\"0E0C40\">Vendredi 10 avril<\/font><\/td>\n<td><font color=\"0E0C40\">9h &#8211; Messe \u00e0 Cr\u00e9cy pour Pierre BEAUMONT  et Marie-France HERTIG.<br \/>\n 9 h 30 \u00e0 10 h  Adoration du saint Sacrement \u00e0 la chapelle de la Vierge.<\/font><\/td>\n<td><font color=\"0E0C40\">20 h &#8211;  R\u00e9union de r\u00e9paration au Mariage \u00e0 la salle paroissiale.<\/font><\/td>\n<\/tr>\n<tr>\n<td width=\"25%\"><font color=\"0020FF\">Samedi 11 avril<\/font><\/td>\n<td><font color=\"0020FF\">18 h 30 &#8211;   Messe \u00e0 Voulangis pour Raymonde LEROUX et Denise  DUPUIS.<br \/>\n<\/font><\/td>\n<td><font color=\"0020FF\"><\/p>\n<div align=\"center\"><img decoding=\"async\" src=\"\/IMG\/lieux\/voulangis_eglise4.jpg\"  width=150><\/div>\n<p><\/font><\/td>\n<\/tr>\n<tr>\n<td><font color=\"00CC00\">Dimanche 12 avril<\/font><\/td>\n<td><font color=\"00CC00\"><\/p>\n<div align=\"center\"><img decoding=\"async\" src=\"\/IMG\/lieux\/stgeorges14.jpg\"  width=150><\/div>\n<p><\/font><\/td>\n<td><font color=\"00CC00\">10 h 30  Messe \u00e0 Cr\u00e9cy, avec la participation des enfants du Cat\u00e9chisme.<br \/>\nElle est c\u00e9l\u00e9br\u00e9e pour Maurice CAUGNE et  Fran\u00e7ois de LAUBRIERE  Nous prierons aussi pour Pierre BOURGET inhum\u00e9 cette semaine.<br \/>\nCe sera \u00e9galement le Bapt\u00eame de Leo VENTURO et Paul CORSANGE-SCOQUART.<br \/>\nA la fin des messes de ces samedi 11 et dimanche 12, qu\u00eate sp\u00e9ciale pour L&rsquo;INSTITUT CATHOLIQUE DE PARIS.<\/font><\/td>\n<\/tr>\n<\/tbody>\n<\/table>\n","protected":false},"excerpt":{"rendered":"<p>Voici les annonces de la semaine du lundi 6 au dimanche 12 avril 2015 pour la paroisse des 3 clochers Cr\u00e9cy-la-Chapelle, Villiers-sur-Morin, Voulangis. Samedi 11 \u00e0\u00a0 18 h 30 messe \u00e0\u00a0 Voulangis, Dimanche 12&#46;&#46;&#46;<\/p>\n","protected":false},"author":2,"featured_media":0,"comment_status":"open","ping_status":"open","sticky":false,"template":"","format":"standard","meta":{"footnotes":""},"categories":[],"tags":[],"class_list":["post-841","post","type-post","status-publish","format-standard","hentry"],"_links":{"self":[{"href":"http:\/\/www.chapelle-crecy.com\/index.php?rest_route=\/wp\/v2\/posts\/841","targetHints":{"allow":["GET"]}}],"collection":[{"href":"http:\/\/www.chapelle-crecy.com\/index.php?rest_route=\/wp\/v2\/posts"}],"about":[{"href":"http:\/\/www.chapelle-crecy.com\/index.php?rest_route=\/wp\/v2\/types\/post"}],"author":[{"embeddable":true,"href":"http:\/\/www.chapelle-crecy.com\/index.php?rest_route=\/wp\/v2\/users\/2"}],"replies":[{"embeddable":true,"href":"http:\/\/www.chapelle-crecy.com\/index.php?rest_route=%2Fwp%2Fv2%2Fcomments&post=841"}],"version-history":[{"count":0,"href":"http:\/\/www.chapelle-crecy.com\/index.php?rest_route=\/wp\/v2\/posts\/841\/revisions"}],"wp:attachment":[{"href":"http:\/\/www.chapelle-crecy.com\/index.php?rest_route=%2Fwp%2Fv2%2Fmedia&parent=841"}],"wp:term":[{"taxonomy":"category","embeddable":true,"href":"http:\/\/www.chapelle-crecy.com\/index.php?rest_route=%2Fwp%2Fv2%2Fcategories&post=841"},{"taxonomy":"post_tag","embeddable":true,"href":"http:\/\/www.chapelle-crecy.com\/index.php?rest_route=%2Fwp%2Fv2%2Ftags&post=841"}],"curies":[{"name":"wp","href":"https:\/\/api.w.org\/{rel}","templated":true}]}}