{"id":842,"date":"2015-04-08T15:24:59","date_gmt":"2015-04-08T15:24:59","guid":{"rendered":""},"modified":"-0001-11-30T00:00:00","modified_gmt":"-0001-11-29T22:00:00","slug":"","status":"publish","type":"post","link":"http:\/\/www.chapelle-crecy.com\/?p=842","title":{"rendered":"Conf\u00e9rence \u00e0\u00a0 Lagny de Marc Fromager sur les \u00ab\u00a0Chr\u00e9tiens d&rsquo;Orient\u00a0\u00bb"},"content":{"rendered":"<div align=\"justify\">Marc FROMAGER, Directeur national de l'[A.E.D->http:\/\/www.aed-france.org] (Aide \u00e0\u00a0 l&rsquo;Eglise en D\u00e9tresse), fera une conf\u00e9rence sur le th\u00e8me \u00ab Chr\u00e9tiens en danger, vingt raisons d&rsquo;esp\u00e9rer \u00bb, jeudi 9 avril 2015, \u00e0\u00a0 20h30, \u00e0\u00a0 la salle paroissiale de Lagny sur Marne : 35, rue du 27 ao\u00fbt.<br \/>\nVenez nombreux, invitez vos voisins, amis et membres de votre famille \u00e0\u00a0 cette soir\u00e9e exceptionnelle, encourag\u00e9e par le clerg\u00e9 de [Lagny-sur-Marne->http:\/\/paroissendalagny.free.fr\/] et de [Bussy Saint Georges->http:\/\/www.notredameduval.fr\/ndv2\/]. A demain !<\/div>\n","protected":false},"excerpt":{"rendered":"<p>Marc FROMAGER, Directeur national de l'[A.E.D->http:\/\/www.aed-france.org] (Aide \u00e0\u00a0 l&rsquo;Eglise en D\u00e9tresse), fera une conf\u00e9rence sur le th\u00e8me \u00ab Chr\u00e9tiens en danger, vingt raisons d&rsquo;esp\u00e9rer \u00bb, jeudi 9 avril 2015, \u00e0\u00a0 20h30, \u00e0\u00a0 la salle&#46;&#46;&#46;<\/p>\n","protected":false},"author":2,"featured_media":0,"comment_status":"open","ping_status":"open","sticky":false,"template":"","format":"standard","meta":{"footnotes":""},"categories":[],"tags":[],"class_list":["post-842","post","type-post","status-publish","format-standard","hentry"],"_links":{"self":[{"href":"http:\/\/www.chapelle-crecy.com\/index.php?rest_route=\/wp\/v2\/posts\/842","targetHints":{"allow":["GET"]}}],"collection":[{"href":"http:\/\/www.chapelle-crecy.com\/index.php?rest_route=\/wp\/v2\/posts"}],"about":[{"href":"http:\/\/www.chapelle-crecy.com\/index.php?rest_route=\/wp\/v2\/types\/post"}],"author":[{"embeddable":true,"href":"http:\/\/www.chapelle-crecy.com\/index.php?rest_route=\/wp\/v2\/users\/2"}],"replies":[{"embeddable":true,"href":"http:\/\/www.chapelle-crecy.com\/index.php?rest_route=%2Fwp%2Fv2%2Fcomments&post=842"}],"version-history":[{"count":0,"href":"http:\/\/www.chapelle-crecy.com\/index.php?rest_route=\/wp\/v2\/posts\/842\/revisions"}],"wp:attachment":[{"href":"http:\/\/www.chapelle-crecy.com\/index.php?rest_route=%2Fwp%2Fv2%2Fmedia&parent=842"}],"wp:term":[{"taxonomy":"category","embeddable":true,"href":"http:\/\/www.chapelle-crecy.com\/index.php?rest_route=%2Fwp%2Fv2%2Fcategories&post=842"},{"taxonomy":"post_tag","embeddable":true,"href":"http:\/\/www.chapelle-crecy.com\/index.php?rest_route=%2Fwp%2Fv2%2Ftags&post=842"}],"curies":[{"name":"wp","href":"https:\/\/api.w.org\/{rel}","templated":true}]}}