{"id":843,"date":"2015-04-12T10:20:00","date_gmt":"2015-04-12T10:20:00","guid":{"rendered":""},"modified":"-0001-11-30T00:00:00","modified_gmt":"-0001-11-29T22:00:00","slug":"","status":"publish","type":"post","link":"http:\/\/www.chapelle-crecy.com\/?p=843","title":{"rendered":"Annonces de la semaine du 13 au 19 avril 2015"},"content":{"rendered":"<table bgcolor =\"F0FAFF\" border=0>\n<tbody>\n<tr>\n<td>\n<div align=\"justify\">\n<div \"794\">Voici les annonces de la semaine du lundi 13 au dimanche 19 avril 2015 pour la paroisse des 3 clochers Cr\u00e9cy-la-Chapelle, Villiers-sur-Morin, Voulangis. <\/p>\n<p>Samedi 18 \u00e0\u00a0 18 h 30 messe \u00e0\u00a0 Villiers, <br \/>\nDimanche 19 \u00e0\u00a0 10 h 30, messe \u00e0\u00a0 Cr\u00e9cy<br \/>\nTous les d\u00e9tails dans la suite &#8230;<\/div>\n<\/div>\n<\/td>\n<\/tr>\n<\/tbody>\n<\/table>\n<table bgcolor =\"F0F6FF\" border=0>\n<tbody>\n<tr>\n<td width=\"25%\"><font color=\"00CC00\">Lundi 13 avril<\/font><\/td>\n<td><font color=\"00CC00\"><\/p>\n<div align=\"center\"><img decoding=\"async\" src=\"\/IMG\/jpg\/MR_Crecy_2.jpg\" width=150><\/div>\n<p><\/font><\/td>\n<td><font color=\"00CC00\">17 h  C\u00e9l\u00e9bration \u00e0 la Maison de Retraite.<br \/>\n20 h 30 &#8211;  R\u00e9union de l&rsquo;Equipe d&rsquo;Animation Pastorale.<br \/>\n<\/font><\/td>\n<\/tr>\n<tr>\n<td width=\"25%\"><font color=\"0E0C40\">Mardi 14 avril<\/font><\/td>\n<td><font color=\"0E0C40\">18  h &#8211; Messe \u00e0 Cr\u00e9cy pour R\u00e9gine ALVAREZ  , Andr\u00e9e COFFINIER ainsi que pour Henri PATOUT, r\u00e9cemment d\u00e9c\u00e9d\u00e9.<br \/>\n<\/font><\/td>\n<td><font color=\"0E0C40\">20 h 30  R\u00e9union des Permanents de l&rsquo;Accueil.<\/font><\/td>\n<\/tr>\n<tr>\n<td width=\"25%\"><font color=\"0020FF\">Mercredi 15 avril<\/font><\/td>\n<td><font color=\"0020FF\">18 h   Messe \u00e0 Cr\u00e9cy pour Jeannine PERRICHON, Liliane THIOUX et Gilberte POTDEVIN.<\/font><\/td>\n<td><font color=\"0020FF\"> 20 h 30 &#8211; R\u00e9union-bilan de la Soir\u00e9e de l&rsquo;Amiti\u00e9.<br \/>\n<\/font><\/td>\n<\/tr>\n<tr>\n<td width=\"25%\"><font color=\"00CC00\">Jeudi 16 avril<\/font><\/td>\n<td><font color=\"00CC00\"><\/p>\n<div align=\"center\">\n<div align=\"center\"><img decoding=\"async\" src=\"\/IMG\/lieux\/stgeorges10.jpg\"  width=150><\/div>\n<\/div>\n<p><\/font><\/td>\n<td><font color=\"00CC00\">9 h &#8211; Messe \u00e0 Cr\u00e9cy pour Pierre LOUIS,  Edith RIGOLLET  et Olivier LICHTY.<br \/>\n<\/font><\/td>\n<\/tr>\n<tr>\n<td width=\"25%\"><font color=\"0E0C40\">Vendredi 17 avril<\/font><\/td>\n<td><font color=\"0E0C40\">9h &#8211;  Messe \u00e0 Cr\u00e9cy pour Joseph et Yvonne FERNANDEZ, ainsi que pour Jacqueline BLEZY.<br \/>\n<\/font><\/td>\n<td><font color=\"0E0C40\">20 h &#8211; R\u00e9union de Pr\u00e9paration au Mariage.<\/font><\/td>\n<\/tr>\n<tr>\n<td width=\"25%\"><font color=\"0020FF\">Samedi 18 avril<\/font><\/td>\n<td><font color=\"0020FF\">18 h 30 &#8211; Messe \u00e0 Villiers pour Simone MARC et Stanislas WALTER.<br \/>Nous prierons aussi pour G\u00e9rard LOYER inhum\u00e9 cette semaine.<br \/>\n<\/font><\/td>\n<td><font color=\"0020FF\"><\/p>\n<div align=\"center\"><img decoding=\"async\" src=\"\/IMG\/lieux\/villiers_eglise2.jpg\"  width=150><\/div>\n<p><\/font><\/td>\n<\/tr>\n<tr>\n<td><font color=\"00CC00\">Dimanche 19 avril<\/font><\/td>\n<td><font color=\"00CC00\"><\/p>\n<div align=\"center\"><img decoding=\"async\" src=\"\/IMG\/lieux\/stgeorges18.jpg\"  width=150><\/div>\n<p><\/font><\/td>\n<td><font color=\"00CC00\">10 h 30  A Cr\u00e9cy, Messe anniversaire pour William DESJARDINS.<br \/>Elle est  \u00e9galement c\u00e9l\u00e9br\u00e9e pour Andr\u00e9 CHAMPIN et Christian CAILLOT.<\/font><\/td>\n<\/tr>\n<\/tbody>\n<\/table>\n","protected":false},"excerpt":{"rendered":"<p>Voici les annonces de la semaine du lundi 13 au dimanche 19 avril 2015 pour la paroisse des 3 clochers Cr\u00e9cy-la-Chapelle, Villiers-sur-Morin, Voulangis. Samedi 18 \u00e0\u00a0 18 h 30 messe \u00e0\u00a0 Villiers, Dimanche 19&#46;&#46;&#46;<\/p>\n","protected":false},"author":2,"featured_media":0,"comment_status":"open","ping_status":"open","sticky":false,"template":"","format":"standard","meta":{"footnotes":""},"categories":[],"tags":[],"class_list":["post-843","post","type-post","status-publish","format-standard","hentry"],"_links":{"self":[{"href":"http:\/\/www.chapelle-crecy.com\/index.php?rest_route=\/wp\/v2\/posts\/843","targetHints":{"allow":["GET"]}}],"collection":[{"href":"http:\/\/www.chapelle-crecy.com\/index.php?rest_route=\/wp\/v2\/posts"}],"about":[{"href":"http:\/\/www.chapelle-crecy.com\/index.php?rest_route=\/wp\/v2\/types\/post"}],"author":[{"embeddable":true,"href":"http:\/\/www.chapelle-crecy.com\/index.php?rest_route=\/wp\/v2\/users\/2"}],"replies":[{"embeddable":true,"href":"http:\/\/www.chapelle-crecy.com\/index.php?rest_route=%2Fwp%2Fv2%2Fcomments&post=843"}],"version-history":[{"count":0,"href":"http:\/\/www.chapelle-crecy.com\/index.php?rest_route=\/wp\/v2\/posts\/843\/revisions"}],"wp:attachment":[{"href":"http:\/\/www.chapelle-crecy.com\/index.php?rest_route=%2Fwp%2Fv2%2Fmedia&parent=843"}],"wp:term":[{"taxonomy":"category","embeddable":true,"href":"http:\/\/www.chapelle-crecy.com\/index.php?rest_route=%2Fwp%2Fv2%2Fcategories&post=843"},{"taxonomy":"post_tag","embeddable":true,"href":"http:\/\/www.chapelle-crecy.com\/index.php?rest_route=%2Fwp%2Fv2%2Ftags&post=843"}],"curies":[{"name":"wp","href":"https:\/\/api.w.org\/{rel}","templated":true}]}}