{"id":845,"date":"2015-04-17T00:06:22","date_gmt":"2015-04-17T00:06:22","guid":{"rendered":""},"modified":"-0001-11-30T00:00:00","modified_gmt":"-0001-11-29T22:00:00","slug":"","status":"publish","type":"post","link":"http:\/\/www.chapelle-crecy.com\/?p=845","title":{"rendered":"Venez \u00e0\u00a0 la rencontre du t\u00e9moignage bouleversant de Ladji Diallo"},"content":{"rendered":"<div align=\"justify\">[Ladji->http:\/\/ladjidiallo.com\/], en banlieue parisienne, connait une enfance chaotique, il a constamment l&rsquo;envie de se battre. Aujourd&rsquo;hui, \u00e0\u00a0 plus de 25 ans, c&rsquo;est un homme \u00ab\u00a0rang\u00e9\u00a0\u00bb. Il a \u00e9t\u00e9 tr\u00e8s pr\u00e9sent au sein de l'[hospitalit\u00e9->http:\/\/www.hospitalitedemeaux.fr\/] \u00e0\u00a0 Lourdes o\u00f9 il s&rsquo;est beaucoup occup\u00e9 pendant des ann\u00e9es, de l&rsquo;encadrement des juniors et des servants d&rsquo;autel.<br \/>\nEntre ces deux p\u00e9riodes de sa vie compl\u00e8tement oppos\u00e9es, il s&rsquo;est pass\u00e9 quelque chose d&rsquo;extraordinaire. Qui mieux que lui peut vous l&rsquo;expliquer ! <\/p>\n<div align=\"center\"><img decoding=\"async\" src=\"\/IMG\/jpg\/diallo.jpg\" width=450><\/div>\n<p style=\"color:green;\">Au cours d&rsquo;une soir\u00e9e rythm\u00e9e par des chants et des contes, pendant 1h15 environ, nous vous invitons nombreux et surtout vous les jeunes \u00e0\u00a0 assister \u00e0\u00a0 cette conf\u00e9rence-rencontre qui se tiendra le jeudi 7 mai \u00e0\u00a0 20 heures au coll\u00e8ge Sainte Marie salle Saint Faron (entr\u00e9e rue de Tivoli).<\/p>\n<div align=\"center\"><img decoding=\"async\" src=\"\/IMG\/jpg\/conf-diallo1.jpg\" width=150><\/div>\n<p>Avant de venir l&rsquo;\u00e9couter, nous vous brossons ci-apr\u00e8s un portrait plus d\u00e9taill\u00e9 de Ladji &#8230;\n<\/p><\/div>\n<div align=\"justify\">\n Ladji est issu d&rsquo;une famille musulmane, pieuse, pratiquante. L&rsquo;islam comme on l&rsquo;aime, ouvert et mod\u00e9r\u00e9. Malgr\u00e9 la<br \/>\nbienveillance et la bonne \u00e9ducation qu&rsquo;il a re\u00e7ues de ses parents,<br \/>\nil conna \u00eet un d\u00e9marrage chaotique. Adolescent, il est habit\u00e9 par<br \/>\nune violence int\u00e9rieure qui le pousse sans cesse \u00e0 se battre, \u00e0<br \/>\nn&rsquo;\u00eatre que dans la confrontation, le rapport de force. R\u00e9sident en<br \/>\nr\u00e9gion Parisienne, l&rsquo;esprit de ghetto que l&rsquo;on peut trouver dans<br \/>\ncertains endroits de la banlieue, devient son univers. Ce sera donc<br \/>\nle ph\u00e9nom\u00e8ne de bande, l&rsquo;\u00e9chec scolaire, le business&#8230; <\/p>\n<p> Le p\u00e8re de Ladji, qui r\u00eavait d&rsquo;offrir des vacances \u00e0 ses enfants,<br \/>\nrencontre un jour un directeur de colonie, qui se trouve \u00eatre un<br \/>\nbon cur\u00e9 de campagne, au franc parl\u00e9, le regard droit, le coeur sur<br \/>\nla main. Le courant passe entre les deux hommes. Le p\u00e8re de<br \/>\nLadji accepte volontiers de confier ses enfants \u00e0 cet homme dont<br \/>\nla colonie se situe non loin de Lourdes. <\/p>\n<div align=\"center\"><img decoding=\"async\" src=\"\/IMG\/jpg\/Pyrenees.jpg\" width=450><\/div>\n<div align=\"center\">La cha \u00eene des Pyr\u00e9n\u00e9es dans toute sa splendeur<\/div>\n<p> C&rsquo;est l\u00e0, dans les hauteurs pyr\u00e9n\u00e9ennes, que l&rsquo;histoire de Ladji va connaitre un tournant. Apr\u00e8s un long s\u00e9jour, il se sent r\u00e9solument interpell\u00e9 par le lieu sacr\u00e9 de cette colo : la chapelle. Les aller et venue, de jour comme de nuit, de jeunes chr\u00e9tiens dans ce lieu ont suscit\u00e9 en lui beaucoup d&rsquo;interrogations. Et, une nuit, entrant par curiosit\u00e9 dans la chapelle, Ladji fait une exp\u00e9rience int\u00e9rieure de paix et d&rsquo;amour qui va marquer sa vie \u00e0 jamais. Le Christ devient son mod\u00e8le et son chemin. A 18 ans, Ladji se convertit au christianisme. <\/p>\n<div align=\"center\"><img decoding=\"async\" src=\"\/IMG\/jpg\/conversion.jpg\" width=150><\/div>\n<div align=\"center\">Lourdes, la joie de la conversion<\/div>\n<p> D\u00e8s lors, pouss\u00e9 par une grande soif de la vie, il s&rsquo;ouvre et s&rsquo;int\u00e9resse \u00e0 son histoire, ses racines. Il se rapproche dans le plus grand respect de sa famille pour mieux la connaitre. L&rsquo;autre n&rsquo;est plus un ennemi mais un cadeau<br \/>\nsur sa route. Plus sa vie spirituelle s&rsquo;enracine, plus sa soif de l&rsquo;autre augmente. En poursuivant son chemin, il d\u00e9couvre ses talents artistiques et s&rsquo;engage dans des \u00e9tudes th\u00e9\u00e2trales. Gr\u00e2ce \u00e0 de belles rencontres, Ladji<br \/>\ndevient rapidement com\u00e9dien et conteur professionnel. Il se marie \u00e0 l&rsquo;\u00e2ge de 23 ans et vit \u00e0 pr\u00e9sent avec son \u00e9pouse et leurs deux enfants dans une petite vall\u00e9e tout pr\u00e8s de Lourdes.<\/p>\n<p> Aujourd&rsquo;hui, Ladji aspire \u00e0 une vie br\u00fblante d&rsquo;un d\u00e9sir de paix. Une paix avec lui-m\u00eame, \u00e0 travers sa qu\u00eate spirituelle qui l&rsquo;\u00e9claire et l&rsquo;enrichit. Une paix avec l&rsquo;autre tel qu&rsquo;il est, dans ses diff\u00e9rences humaines, culturelles, religieuses&#8230;<\/p><\/div>\n","protected":false},"excerpt":{"rendered":"<p>[Ladji->http:\/\/ladjidiallo.com\/], en banlieue parisienne, connait une enfance chaotique, il a constamment l&rsquo;envie de se battre. Aujourd&rsquo;hui, \u00e0\u00a0 plus de 25 ans, c&rsquo;est un homme \u00ab\u00a0rang\u00e9\u00a0\u00bb. Il a \u00e9t\u00e9 tr\u00e8s pr\u00e9sent au sein de l'[hospitalit\u00e9->http:\/\/www.hospitalitedemeaux.fr\/]&#46;&#46;&#46;<\/p>\n","protected":false},"author":2,"featured_media":0,"comment_status":"open","ping_status":"open","sticky":false,"template":"","format":"standard","meta":{"footnotes":""},"categories":[],"tags":[],"class_list":["post-845","post","type-post","status-publish","format-standard","hentry"],"_links":{"self":[{"href":"http:\/\/www.chapelle-crecy.com\/index.php?rest_route=\/wp\/v2\/posts\/845","targetHints":{"allow":["GET"]}}],"collection":[{"href":"http:\/\/www.chapelle-crecy.com\/index.php?rest_route=\/wp\/v2\/posts"}],"about":[{"href":"http:\/\/www.chapelle-crecy.com\/index.php?rest_route=\/wp\/v2\/types\/post"}],"author":[{"embeddable":true,"href":"http:\/\/www.chapelle-crecy.com\/index.php?rest_route=\/wp\/v2\/users\/2"}],"replies":[{"embeddable":true,"href":"http:\/\/www.chapelle-crecy.com\/index.php?rest_route=%2Fwp%2Fv2%2Fcomments&post=845"}],"version-history":[{"count":0,"href":"http:\/\/www.chapelle-crecy.com\/index.php?rest_route=\/wp\/v2\/posts\/845\/revisions"}],"wp:attachment":[{"href":"http:\/\/www.chapelle-crecy.com\/index.php?rest_route=%2Fwp%2Fv2%2Fmedia&parent=845"}],"wp:term":[{"taxonomy":"category","embeddable":true,"href":"http:\/\/www.chapelle-crecy.com\/index.php?rest_route=%2Fwp%2Fv2%2Fcategories&post=845"},{"taxonomy":"post_tag","embeddable":true,"href":"http:\/\/www.chapelle-crecy.com\/index.php?rest_route=%2Fwp%2Fv2%2Ftags&post=845"}],"curies":[{"name":"wp","href":"https:\/\/api.w.org\/{rel}","templated":true}]}}