{"id":848,"date":"2015-04-30T01:05:05","date_gmt":"2015-04-30T01:05:05","guid":{"rendered":""},"modified":"-0001-11-30T00:00:00","modified_gmt":"-0001-11-29T22:00:00","slug":"","status":"publish","type":"post","link":"http:\/\/www.chapelle-crecy.com\/?p=848","title":{"rendered":"La librairie-caf\u00e9 de Cr\u00e9cy vous invite \u00e0\u00a0 une rencontre avec Thierry Leroy le jeudi 7 mai \u00e0\u00a0 partir de 19h"},"content":{"rendered":"<div align=\"justify\">C&rsquo;est apr\u00e8s avoir lu \u00ab\u00a0[La Col\u00e8re de l&rsquo;agneau->http:\/\/culture-et-debats.over-blog.com\/article-26279880.html]\u00a0\u00bb que Thierry Leroy, cur\u00e9 de [Meaux->http:\/\/www.pole-missionnaire-de-meaux.com\/] depuis septembre dernier, commence \u00e0\u00a0 \u00e9crire au d\u00e9but des ann\u00e9es 1990.<br \/>\nC&rsquo;est en 1996 que para\u00eet son premier texte, [Le Testament de saint<br \/>\nLuc->http:\/\/www.albin-michel.fr\/Le-Testament-de-saint-Luc-EAN=9782226086044], aux \u00e9ditions Albin Michel. S&rsquo;ensuit alors une s\u00e9rie de romans historiques, tous d&rsquo;inspiration biblique.<br \/>\nEn 2007, Thierry Leroy publie [Elles, J\u00e9rusalem->http:\/\/www.publibook.com\/librairie\/livre.php?isbn=9782748336849], qu&rsquo;il consid\u00e8re<br \/>\ncomme le premier texte d&rsquo;une trilogie. Le deuxi\u00e8me opus, intitul\u00e9<br \/>\n[Renaissances florentines->http:\/\/www.babelio.com\/livres\/Leroy-II-Renaissances-florentines\/608806] et paru en 2014, se d\u00e9roule \u00e0\u00a0 Florence en Italie.<br \/>\nC&rsquo;est autour de ce texte que nous vous proposons de venir rencontrer<br \/>\nThierry Leroy \u00e0\u00a0 [la librairie-caf\u00e9 de Cr\u00e9cy->https:\/\/www.facebook.com\/pages\/La-Librairie-Caf%C3%A9\/191738914311402], dans le cadre d&rsquo;une soir\u00e9e italienne qui sera \u00e0\u00a0 la fois l&rsquo;occasion d&rsquo;\u00e9changer autour de son dernier roman, mais aussi de d\u00e9guster quelques sp\u00e9cialit\u00e9s culinaires.<\/div>\n","protected":false},"excerpt":{"rendered":"<p>C&rsquo;est apr\u00e8s avoir lu \u00ab\u00a0[La Col\u00e8re de l&rsquo;agneau->http:\/\/culture-et-debats.over-blog.com\/article-26279880.html]\u00a0\u00bb que Thierry Leroy, cur\u00e9 de [Meaux->http:\/\/www.pole-missionnaire-de-meaux.com\/] depuis septembre dernier, commence \u00e0\u00a0 \u00e9crire au d\u00e9but des ann\u00e9es 1990. C&rsquo;est en 1996 que para\u00eet son premier texte, [Le&#46;&#46;&#46;<\/p>\n","protected":false},"author":2,"featured_media":0,"comment_status":"open","ping_status":"open","sticky":false,"template":"","format":"standard","meta":{"footnotes":""},"categories":[],"tags":[],"class_list":["post-848","post","type-post","status-publish","format-standard","hentry"],"_links":{"self":[{"href":"http:\/\/www.chapelle-crecy.com\/index.php?rest_route=\/wp\/v2\/posts\/848","targetHints":{"allow":["GET"]}}],"collection":[{"href":"http:\/\/www.chapelle-crecy.com\/index.php?rest_route=\/wp\/v2\/posts"}],"about":[{"href":"http:\/\/www.chapelle-crecy.com\/index.php?rest_route=\/wp\/v2\/types\/post"}],"author":[{"embeddable":true,"href":"http:\/\/www.chapelle-crecy.com\/index.php?rest_route=\/wp\/v2\/users\/2"}],"replies":[{"embeddable":true,"href":"http:\/\/www.chapelle-crecy.com\/index.php?rest_route=%2Fwp%2Fv2%2Fcomments&post=848"}],"version-history":[{"count":0,"href":"http:\/\/www.chapelle-crecy.com\/index.php?rest_route=\/wp\/v2\/posts\/848\/revisions"}],"wp:attachment":[{"href":"http:\/\/www.chapelle-crecy.com\/index.php?rest_route=%2Fwp%2Fv2%2Fmedia&parent=848"}],"wp:term":[{"taxonomy":"category","embeddable":true,"href":"http:\/\/www.chapelle-crecy.com\/index.php?rest_route=%2Fwp%2Fv2%2Fcategories&post=848"},{"taxonomy":"post_tag","embeddable":true,"href":"http:\/\/www.chapelle-crecy.com\/index.php?rest_route=%2Fwp%2Fv2%2Ftags&post=848"}],"curies":[{"name":"wp","href":"https:\/\/api.w.org\/{rel}","templated":true}]}}