{"id":850,"date":"2015-05-05T08:45:29","date_gmt":"2015-05-05T08:45:29","guid":{"rendered":""},"modified":"-0001-11-30T00:00:00","modified_gmt":"-0001-11-29T22:00:00","slug":"","status":"publish","type":"post","link":"http:\/\/www.chapelle-crecy.com\/?p=850","title":{"rendered":"Top d\u00e9part pour les Premi\u00e8res Communions !"},"content":{"rendered":"<div align=\"justify\">Depuis 2 ans, plusieurs dates sont propos\u00e9es aux parents et enfants pour que ces derniers fassent leur premi\u00e8re communion. Ce dimanche 3 mai, deux enfants, Ga\u00f6tane et Rapha\u00f6l ont communi\u00e9 pour la 1\u00e8re fois, lors de la messe dominicale en l&rsquo;\u00e9glise saint Georges \u00e0\u00a0 Cr\u00e9cy. La messe fut pr\u00e9sid\u00e9e par le p\u00e8re Ludovic Fr\u00e8re, vicaire g\u00e9n\u00e9ral du dioc\u00e8se de Gap et d&rsquo;Embrun, recteur du sanctuaire Notre-Dame-du-Laus dans le d\u00e9partement des Hautes-Alpes. P\u00e8re Ludovic \u00e9tait de passage en r\u00e9gion parisienne et a choisi notre secteur paroissial pour c\u00e9l\u00e9brer la messe avec le p\u00e8re Aim\u00e9. D\u00e9couvrez dans l&rsquo;album mis en ligne les photos de la c\u00e9r\u00e9monie. Rendez-vous dimanche prochain 10 mai pour la messe de 1\u00e8re communion des autres enfants, au nombre de 17, en la Coll\u00e9giale Notre-Dame-de-l&rsquo;Assomption \u00e0\u00a0 Cr\u00e9cy. <\/div>\n<p>Consulter l&rsquo;album photo : <a href=\"\nhttps:\/\/picasaweb.google.com\/lh\/sredir?uname=100406574844511086142&#038;target=ALBUM&#038;id=6145073712570565889&#038;authkey=Gv1sRgCKbK44eB0NnGlgE&#038;feat=email\">Album 3 mai 2015<\/div>\n","protected":false},"excerpt":{"rendered":"<p>Depuis 2 ans, plusieurs dates sont propos\u00e9es aux parents et enfants pour que ces derniers fassent leur premi\u00e8re communion. Ce dimanche 3 mai, deux enfants, Ga\u00f6tane et Rapha\u00f6l ont communi\u00e9 pour la 1\u00e8re fois,&#46;&#46;&#46;<\/p>\n","protected":false},"author":2,"featured_media":0,"comment_status":"open","ping_status":"open","sticky":false,"template":"","format":"standard","meta":{"footnotes":""},"categories":[],"tags":[],"class_list":["post-850","post","type-post","status-publish","format-standard","hentry"],"_links":{"self":[{"href":"http:\/\/www.chapelle-crecy.com\/index.php?rest_route=\/wp\/v2\/posts\/850","targetHints":{"allow":["GET"]}}],"collection":[{"href":"http:\/\/www.chapelle-crecy.com\/index.php?rest_route=\/wp\/v2\/posts"}],"about":[{"href":"http:\/\/www.chapelle-crecy.com\/index.php?rest_route=\/wp\/v2\/types\/post"}],"author":[{"embeddable":true,"href":"http:\/\/www.chapelle-crecy.com\/index.php?rest_route=\/wp\/v2\/users\/2"}],"replies":[{"embeddable":true,"href":"http:\/\/www.chapelle-crecy.com\/index.php?rest_route=%2Fwp%2Fv2%2Fcomments&post=850"}],"version-history":[{"count":0,"href":"http:\/\/www.chapelle-crecy.com\/index.php?rest_route=\/wp\/v2\/posts\/850\/revisions"}],"wp:attachment":[{"href":"http:\/\/www.chapelle-crecy.com\/index.php?rest_route=%2Fwp%2Fv2%2Fmedia&parent=850"}],"wp:term":[{"taxonomy":"category","embeddable":true,"href":"http:\/\/www.chapelle-crecy.com\/index.php?rest_route=%2Fwp%2Fv2%2Fcategories&post=850"},{"taxonomy":"post_tag","embeddable":true,"href":"http:\/\/www.chapelle-crecy.com\/index.php?rest_route=%2Fwp%2Fv2%2Ftags&post=850"}],"curies":[{"name":"wp","href":"https:\/\/api.w.org\/{rel}","templated":true}]}}