{"id":852,"date":"2015-05-09T22:16:29","date_gmt":"2015-05-09T22:16:29","guid":{"rendered":""},"modified":"-0001-11-30T00:00:00","modified_gmt":"-0001-11-29T22:00:00","slug":"","status":"publish","type":"post","link":"http:\/\/www.chapelle-crecy.com\/?p=852","title":{"rendered":"Le P\u00e8re Thierry Leroy vient \u00e0\u00a0 la rencontre de ses lecteurs \u00e0\u00a0 Cr\u00e9cy"},"content":{"rendered":"<div align=\"justify\">Elisabeth et ses 2 coll\u00e8gues, de la librairie-caf\u00e9 de Cr\u00e9cy ont lu le roman du P\u00e8re Thierry Leroy \u00ab Renaissances Florentines \u00bb. Toutes les 3 ont appr\u00e9ci\u00e9. Elles sont m\u00eame enchant\u00e9es par l&rsquo;histoire haletante de 3 personnages S\u00e9bastien, Diane et Simon aux parcours difficiles, l&rsquo;atmosph\u00e8re particuli\u00e8re qui r\u00e8gne \u00e0\u00a0 Florence. Elles veulent en savoir plus. Devant un public nombreux (plus d&rsquo;une quarantaine de personnes), en d\u00e9but de soir\u00e9e de ce jeudi 7 mai, la g\u00e9rante de la c\u00e9l\u00e8bre librairie de Cr\u00e9cy est heureuse de souhaiter la bienvenue \u00e0\u00a0 notre cur\u00e9 de P\u00f4le Thierry Leroy. Apr\u00e8s avoir \u00e9crit \u00ab Le Testament de Saint Luc \u00bb et \u00ab Elles, J\u00e9rusalem \u00bb, les questions fusent pour mieux conna\u00eetre la facette trop m\u00e9connue de romancier de notre pr\u00eatre et ami meldois<\/div>\n<div align=\"center\"><img decoding=\"async\" src=\"\/IMG\/reportages\/tleroy\/01.jpg\"><\/div>\n<div align=\"justify\">\n Comment avez-vous commenc\u00e9 \u00e0 \u00e9crire?<br \/>\n \u00ab\u00a0Je venais juste d&rsquo;\u00eatre ordonn\u00e9 pr\u00eatre, en 1989. A cette \u00e9poque, j&rsquo;avais lu un livre qui raconte la vie de Saint Jean de fa\u00e7on tr\u00e8s romanc\u00e9e. Mon \u00e9vang\u00e9liste pr\u00e9f\u00e9r\u00e9 est Saint Luc. J&rsquo;aimerais moi aussi \u00e9crire un livre sur la vie de Saint Luc, m&rsquo;exclamai-je. Un ami me r\u00e9pond: pour quoi ne le fais-tu pas?\u00a0\u00bb<br \/>\n  C&rsquo;est donc, \u00e0 partir de 1990, dans ce premier roman \u00e9crit avec une grande pr\u00e9cision historique et th\u00e9ologique, que le jeune P\u00e8re Thierry Leroy prit le virus d&rsquo;\u00e9crire des romans contemporains.<\/p>\n<div align=\"center\"><img decoding=\"async\" src=\"\/IMG\/reportages\/tleroy\/02.jpg\" width=400><\/div>\n<p> Pourquoi ce roman se passe-t-il \u00e0 Florence?<br \/>\n Je suis amoureux de cette ville, c&rsquo;est elle et pas une autre. A Rome ou ailleurs, je n&rsquo;aurai pas pu \u00e9crire la m\u00eame histoire. Cette ville de Florence me procure des sensations particuli\u00e8res, elle est pour moi semblable \u00e0 une personne. Quand j&rsquo;y retourne (j&rsquo;y \u00e9tais encore la semaine derni\u00e8re), je me sens chez moi. <\/p>\n<div align=\"center\"><img decoding=\"async\" src=\"\/IMG\/reportages\/tleroy\/05.jpg\" width=400><\/div>\n<p> Comment \u00e9crivez-vous vos histoires?<br \/>\n J&rsquo;ai mis 10 ans \u00e0 \u00e9crire ce livre. Le point de d\u00e9part de ce roman est un fait v\u00e9cu. Le 31 d\u00e9cembre 2001, je participais \u00e0 la derni\u00e8re messe de l&rsquo;ann\u00e9e c\u00e9l\u00e9br\u00e9e dans cette magnifique cath\u00e9drale de Florence, sous cette coupole remarquable o\u00f9 sont repr\u00e9sent\u00e9s la duret\u00e9 du Jugement dernier, le Christ b\u00e9nissant les foules et la vie de Saints. A l&rsquo;ambon, tout pr\u00e8s de la chorale, un pr\u00eatre dirigeait le choeur avec ferveur quand il s&rsquo;effondra subitement, frapp\u00e9 d&rsquo;un infarctus foudroyant. Transport\u00e9 d&rsquo;urgence \u00e0 la sacristie puis emmen\u00e9 \u00e0 toute h\u00e2te par les secouristes \u00e0 l&rsquo;h\u00f4pital, le pauvre homme succomba dans l&rsquo;ambulance (je l&rsquo;appris deux jours apr\u00e8s, le portable n&rsquo;\u00e9tait pas r\u00e9pandu comme aujourd&rsquo;hui donc pas de nouvelles par internet, et le journal papier \u00e9tait absent des kiosques le 1er de l&rsquo;an). Quelques jours plus tard, j&rsquo;ai voulu en savoir plus sur ce personnage qui m&rsquo;a beaucoup marqu\u00e9. J&rsquo;ai donc men\u00e9 l&rsquo;enqu\u00eate aupr\u00e8s de personnes qui l&rsquo;avaient connu:c&rsquo;\u00e9tait un musicien, organiste, un pianiste r\u00e9put\u00e9 au-del\u00e0 du seul milieu eccl\u00e9sial. Cette histoire qui est relat\u00e9e dans le livre a donc d\u00e9clench\u00e9 l&rsquo;\u00e9criture de ce roman.<br \/>\n C&rsquo;est au gr\u00e9 des journ\u00e9es qui passent que je fabrique mes h\u00e9ros, quand l&rsquo;inspiration me vient. Si, \u00e0 un moment donn\u00e9, j&rsquo;ai une id\u00e9e, je l&rsquo;enregistre rapidement sur mon portable. J&rsquo;\u00e9cris donc mes histoires au fur et \u00e0 mesure.<br \/>\nPour mes 3 personnages principaux, leur seul point commun est qu&rsquo;ils traversent, chacun \u00e0 leur niveau, une p\u00e9riode difficile de leur vie. Qui sont-ils?<br \/>\n S\u00e9bastien est professeur universitaire \u00e0 Florence. Au d\u00e9but du roman, il n&rsquo;est vraiment pas bien.<br \/>\n Diane a rencontr\u00e9 la foi et vient de conna \u00eetre un deuil. Elle est dans une situation d\u00e9licate.<br \/>\n Simon est le filleul spirituel de Diane. Il traverse une grave crise d&rsquo;adolescence.<br \/>\n L&rsquo;histoire, c&rsquo;est l&rsquo;union de leur trois solitudes, lors de vacances pass\u00e9es \u00e0 Florence. Je vous laisse d\u00e9couvrir la suite en lisant mon livre.<\/p>\n<p> Bonne lecture.<\/p>\n<div align=\"center\"><img decoding=\"async\" src=\"\/IMG\/reportages\/tleroy\/03.jpg\" widh=400><\/div>\n<div align=\"center\"><img decoding=\"async\" src=\"\/IMG\/reportages\/tleroy\/04.jpg\" widh=400><\/div>\n<\/p><\/div>\n","protected":false},"excerpt":{"rendered":"<p>Elisabeth et ses 2 coll\u00e8gues, de la librairie-caf\u00e9 de Cr\u00e9cy ont lu le roman du P\u00e8re Thierry Leroy \u00ab Renaissances Florentines \u00bb. Toutes les 3 ont appr\u00e9ci\u00e9. Elles sont m\u00eame enchant\u00e9es par l&rsquo;histoire haletante&#46;&#46;&#46;<\/p>\n","protected":false},"author":2,"featured_media":0,"comment_status":"open","ping_status":"open","sticky":false,"template":"","format":"standard","meta":{"footnotes":""},"categories":[],"tags":[],"class_list":["post-852","post","type-post","status-publish","format-standard","hentry"],"_links":{"self":[{"href":"http:\/\/www.chapelle-crecy.com\/index.php?rest_route=\/wp\/v2\/posts\/852","targetHints":{"allow":["GET"]}}],"collection":[{"href":"http:\/\/www.chapelle-crecy.com\/index.php?rest_route=\/wp\/v2\/posts"}],"about":[{"href":"http:\/\/www.chapelle-crecy.com\/index.php?rest_route=\/wp\/v2\/types\/post"}],"author":[{"embeddable":true,"href":"http:\/\/www.chapelle-crecy.com\/index.php?rest_route=\/wp\/v2\/users\/2"}],"replies":[{"embeddable":true,"href":"http:\/\/www.chapelle-crecy.com\/index.php?rest_route=%2Fwp%2Fv2%2Fcomments&post=852"}],"version-history":[{"count":0,"href":"http:\/\/www.chapelle-crecy.com\/index.php?rest_route=\/wp\/v2\/posts\/852\/revisions"}],"wp:attachment":[{"href":"http:\/\/www.chapelle-crecy.com\/index.php?rest_route=%2Fwp%2Fv2%2Fmedia&parent=852"}],"wp:term":[{"taxonomy":"category","embeddable":true,"href":"http:\/\/www.chapelle-crecy.com\/index.php?rest_route=%2Fwp%2Fv2%2Fcategories&post=852"},{"taxonomy":"post_tag","embeddable":true,"href":"http:\/\/www.chapelle-crecy.com\/index.php?rest_route=%2Fwp%2Fv2%2Ftags&post=852"}],"curies":[{"name":"wp","href":"https:\/\/api.w.org\/{rel}","templated":true}]}}