{"id":853,"date":"2015-05-13T12:41:55","date_gmt":"2015-05-13T12:41:55","guid":{"rendered":""},"modified":"-0001-11-30T00:00:00","modified_gmt":"-0001-11-29T22:00:00","slug":"","status":"publish","type":"post","link":"http:\/\/www.chapelle-crecy.com\/?p=853","title":{"rendered":"La Coll\u00e9giale de Cr\u00e9cy renoue avec son c\u00f4t\u00e9 artistique"},"content":{"rendered":"<div align=\"justify\">\n<div align=\"center\"><img decoding=\"async\" src=\"\/IMG\/jpg\/jumelage-1.jpg\" width=450><\/div>\n<div align=\"center\"><img decoding=\"async\" src=\"\/IMG\/jpg\/jumelage-2.jpg\" width=450><\/div>\n<p>Venez nombreux vous r\u00e9galer \u00e0\u00a0 \u00e9couter quelques oeuvres de Mozart (Luci Care, Lacrymosa, etc) ou le Gloria de la Messe br\u00e8ve de Gounod, entre autres interpr\u00e9t\u00e9es par le Petit Choeur du Grand Morin (PCGM).<br \/>\nDes oeuvres de Mendelsohn, Gluck ou Bizet ainsi que d&rsquo;autres surprises vous seront propos\u00e9es au cours d&rsquo;une soir\u00e9e qui s&rsquo;annonce d&rsquo;ores et d\u00e9j\u00e0\u00a0 comme un moment d&rsquo;exception !\n<\/p><\/div>\n","protected":false},"excerpt":{"rendered":"<p>Venez nombreux vous r\u00e9galer \u00e0\u00a0 \u00e9couter quelques oeuvres de Mozart (Luci Care, Lacrymosa, etc) ou le Gloria de la Messe br\u00e8ve de Gounod, entre autres interpr\u00e9t\u00e9es par le Petit Choeur du Grand Morin (PCGM).&#46;&#46;&#46;<\/p>\n","protected":false},"author":2,"featured_media":0,"comment_status":"open","ping_status":"open","sticky":false,"template":"","format":"standard","meta":{"footnotes":""},"categories":[],"tags":[],"class_list":["post-853","post","type-post","status-publish","format-standard","hentry"],"_links":{"self":[{"href":"http:\/\/www.chapelle-crecy.com\/index.php?rest_route=\/wp\/v2\/posts\/853","targetHints":{"allow":["GET"]}}],"collection":[{"href":"http:\/\/www.chapelle-crecy.com\/index.php?rest_route=\/wp\/v2\/posts"}],"about":[{"href":"http:\/\/www.chapelle-crecy.com\/index.php?rest_route=\/wp\/v2\/types\/post"}],"author":[{"embeddable":true,"href":"http:\/\/www.chapelle-crecy.com\/index.php?rest_route=\/wp\/v2\/users\/2"}],"replies":[{"embeddable":true,"href":"http:\/\/www.chapelle-crecy.com\/index.php?rest_route=%2Fwp%2Fv2%2Fcomments&post=853"}],"version-history":[{"count":0,"href":"http:\/\/www.chapelle-crecy.com\/index.php?rest_route=\/wp\/v2\/posts\/853\/revisions"}],"wp:attachment":[{"href":"http:\/\/www.chapelle-crecy.com\/index.php?rest_route=%2Fwp%2Fv2%2Fmedia&parent=853"}],"wp:term":[{"taxonomy":"category","embeddable":true,"href":"http:\/\/www.chapelle-crecy.com\/index.php?rest_route=%2Fwp%2Fv2%2Fcategories&post=853"},{"taxonomy":"post_tag","embeddable":true,"href":"http:\/\/www.chapelle-crecy.com\/index.php?rest_route=%2Fwp%2Fv2%2Ftags&post=853"}],"curies":[{"name":"wp","href":"https:\/\/api.w.org\/{rel}","templated":true}]}}