{"id":854,"date":"2015-05-16T05:51:00","date_gmt":"2015-05-16T05:51:00","guid":{"rendered":""},"modified":"-0001-11-30T00:00:00","modified_gmt":"-0001-11-29T22:00:00","slug":"","status":"publish","type":"post","link":"http:\/\/www.chapelle-crecy.com\/?p=854","title":{"rendered":"La Coll\u00e9giale accueille les Premi\u00e8res Communions"},"content":{"rendered":"<div align=\"justify\">Apr\u00e8s l&rsquo;\u00e9glise saint Georges de Cr\u00e9cy o\u00f9 deux enfants avaient fait leur 1\u00e8re communion dimanche 3 mai, ce fut au tour de la Coll\u00e9giale Notre-Dame-de l&rsquo;Assomption d&rsquo;accueillir ce dimanche 10 mai les 16 autres enfants du secteur, en  ge de communier pour la 1\u00e8re fois :  Emma, Laura, Elise, In\u00e8s, Justine et Henna, c t\u00e9 filles, Matthieu, Antoine, Natan, Corentin , Louis, Romain, Mathias, Jordan, Nicolas et Thomas, c t\u00e9 gar\u00e7ons.<\/div>\n<div align=\"justify\">\n<p>Le P\u00e8re Aim\u00e9, qui c\u00e9l\u00e9brait la messe, a mis en lumi\u00e8re dans son hom\u00e9lie, dans le prolongement de l&rsquo;\u00e9vangile du jour (selon saint Jean, 15, 9-17) l&rsquo;essentiel de l&rsquo;enseignement de J\u00e9sus qui est dans son principal commandement, de s&rsquo;aimer les uns les autres comme J\u00e9sus nous aime.<br \/>\n Que tous les enfants rassembl\u00e9s en ce jour pour recevoir pour la 1\u00e8re fois le corps et le sang du Christ gardent ce commandement dans leur coeur et le suivent dans leurs actes pr\u00e9sents et \u00e0 venir ! <\/p>\n<p>D\u00e9couvrez dans l&rsquo;album mis en ligne les photos de la c\u00e9r\u00e9monie avec en pr\u00e9ambule quelques photos de la retraite des enfants, qui s&rsquo;est tenue la veille samedi, \u00e0 l&rsquo;\u00e9cole sainte Th\u00e9r\u00e8se de Couilly-Pont-aux-Dames. La retraite fut l&rsquo;occasion aux enfants de rencontrer le p\u00e8re Aim\u00e9 et quelques t\u00e9moins de foi, de r\u00e9p\u00e9ter quelques \u00e9l\u00e9ments de la c\u00e9r\u00e9monie et de r\u00e9fl\u00e9chir sur leur engagement sur le chemin du Christ.<\/p>\n<p>Un grand merci aux cat\u00e9chistes, accompagnatrices essentielles de ces enfants \u00e0 leur rencontre personnelle avec J\u00e9sus et au p\u00e8re Aim\u00e9 dans sa mission de \u00ab rendre pr\u00e9sent \u00bb le Christ dans l&rsquo;hostie consacr\u00e9e que les enfants ont pour la 1\u00e8re fois accueilli dans leur corps.<\/p>\n<p>Thierry Briane.<\/p><\/div>\n<p><a href=\"https:\/\/picasaweb.google.com\/lh\/sredir?uname=100406574844511086142&#038;target=ALBUM&#038;id=6147666354981832097&#038;authkey=Gv1sRgCNepiKLBq-ypBQ&#038;feat=email\" target=\"_blank\"><b>Consulter l&rsquo;album de la communion 2015<\/a><\/b><\/p>\n","protected":false},"excerpt":{"rendered":"<p>Apr\u00e8s l&rsquo;\u00e9glise saint Georges de Cr\u00e9cy o\u00f9 deux enfants avaient fait leur 1\u00e8re communion dimanche 3 mai, ce fut au tour de la Coll\u00e9giale Notre-Dame-de l&rsquo;Assomption d&rsquo;accueillir ce dimanche 10 mai les 16 autres&#46;&#46;&#46;<\/p>\n","protected":false},"author":2,"featured_media":0,"comment_status":"open","ping_status":"open","sticky":false,"template":"","format":"standard","meta":{"footnotes":""},"categories":[],"tags":[],"class_list":["post-854","post","type-post","status-publish","format-standard","hentry"],"_links":{"self":[{"href":"http:\/\/www.chapelle-crecy.com\/index.php?rest_route=\/wp\/v2\/posts\/854","targetHints":{"allow":["GET"]}}],"collection":[{"href":"http:\/\/www.chapelle-crecy.com\/index.php?rest_route=\/wp\/v2\/posts"}],"about":[{"href":"http:\/\/www.chapelle-crecy.com\/index.php?rest_route=\/wp\/v2\/types\/post"}],"author":[{"embeddable":true,"href":"http:\/\/www.chapelle-crecy.com\/index.php?rest_route=\/wp\/v2\/users\/2"}],"replies":[{"embeddable":true,"href":"http:\/\/www.chapelle-crecy.com\/index.php?rest_route=%2Fwp%2Fv2%2Fcomments&post=854"}],"version-history":[{"count":0,"href":"http:\/\/www.chapelle-crecy.com\/index.php?rest_route=\/wp\/v2\/posts\/854\/revisions"}],"wp:attachment":[{"href":"http:\/\/www.chapelle-crecy.com\/index.php?rest_route=%2Fwp%2Fv2%2Fmedia&parent=854"}],"wp:term":[{"taxonomy":"category","embeddable":true,"href":"http:\/\/www.chapelle-crecy.com\/index.php?rest_route=%2Fwp%2Fv2%2Fcategories&post=854"},{"taxonomy":"post_tag","embeddable":true,"href":"http:\/\/www.chapelle-crecy.com\/index.php?rest_route=%2Fwp%2Fv2%2Ftags&post=854"}],"curies":[{"name":"wp","href":"https:\/\/api.w.org\/{rel}","templated":true}]}}