{"id":855,"date":"2015-05-14T16:52:00","date_gmt":"2015-05-14T16:52:00","guid":{"rendered":""},"modified":"-0001-11-30T00:00:00","modified_gmt":"-0001-11-29T22:00:00","slug":"","status":"publish","type":"post","link":"http:\/\/www.chapelle-crecy.com\/?p=855","title":{"rendered":"Bonne f\u00eate de l&rsquo;Ascension !"},"content":{"rendered":"<div align=\"justify\">Toute la paroisse de Cr\u00e9cy-la-Chapelle vous souhaite une tr\u00e8s belle f\u00eate de l&rsquo;Ascension !<br \/>\nComme nous le rappelait ce matin dans son hom\u00e9lie le P\u00e8re Aim\u00e9, nous sommes tous entrain\u00e9s \u00e0\u00a0 nous \u00e9lever toujours plus haut \u00e0\u00a0 la suite de J\u00e9sus-Christ. Son Ascension est un triomphe, c&rsquo;est une f\u00eate de victoire. Apr\u00e8s avoir v\u00e9cu le car\u00eame et \u00ab\u00a0endur\u00e9\u00a0\u00bb avec Lui sa Passion r\u00e9demptrice du Vendredi Saint, le Christ nous a lib\u00e9r\u00e9 de la mort la nuit de la Vigile Pascale.<br \/>\nEn ce Jeudi de l&rsquo;Ascension, nous sommes tous invit\u00e9s \u00e0\u00a0 briser les liens du p\u00e9ch\u00e9 qui nous rattachent \u00e0\u00a0 la terre. Nous devons d\u00e9sirer avec force monter au ciel pour enfin le rejoindre et \u00eatre tout pr\u00e8s de Lui.<br \/>\nNEUVAINE A L&rsquo;ESPRIT SAINT<br \/>\nPour les neufs jours pr\u00e9c\u00e9dents la Pentec te, lors d&rsquo;une hom\u00e9lie, le pape a m\u00e9dit\u00e9 sur \u00ab l&rsquo;action de l&rsquo;Esprit-Saint \u00bb, qui \u00ab apporte la nouveaut\u00e9 de Dieu \u00bb : \u00ab il vient \u00e0\u00a0 nous et fait toutes choses nouvelles, il nous change \u00bb. Pour pr\u00e9parer la venue de l&rsquo;Esprit Saint, le dimanche 24 mai, jour de la Pentec te, nous vous invitons, du 15 au 23 mai, \u00e0\u00a0 m\u00e9diter la Neuvaine \u00e0\u00a0 l'[Esprit Saint->http:\/\/www.etoilenotredame.org\/pdf\/NeuvaineEspritSaint.pdf?utm_source=sendinblue&#038;utm_campaign=FTE_DE_LASCENSION__PLERINAGE_PROMO&#038;utm_medium=email] en cliquant sur ce lien ou en imprimant le document ci-joint.<\/div>\n","protected":false},"excerpt":{"rendered":"<p>Toute la paroisse de Cr\u00e9cy-la-Chapelle vous souhaite une tr\u00e8s belle f\u00eate de l&rsquo;Ascension ! Comme nous le rappelait ce matin dans son hom\u00e9lie le P\u00e8re Aim\u00e9, nous sommes tous entrain\u00e9s \u00e0\u00a0 nous \u00e9lever toujours&#46;&#46;&#46;<\/p>\n","protected":false},"author":2,"featured_media":0,"comment_status":"open","ping_status":"open","sticky":false,"template":"","format":"standard","meta":{"footnotes":""},"categories":[],"tags":[],"class_list":["post-855","post","type-post","status-publish","format-standard","hentry"],"_links":{"self":[{"href":"http:\/\/www.chapelle-crecy.com\/index.php?rest_route=\/wp\/v2\/posts\/855","targetHints":{"allow":["GET"]}}],"collection":[{"href":"http:\/\/www.chapelle-crecy.com\/index.php?rest_route=\/wp\/v2\/posts"}],"about":[{"href":"http:\/\/www.chapelle-crecy.com\/index.php?rest_route=\/wp\/v2\/types\/post"}],"author":[{"embeddable":true,"href":"http:\/\/www.chapelle-crecy.com\/index.php?rest_route=\/wp\/v2\/users\/2"}],"replies":[{"embeddable":true,"href":"http:\/\/www.chapelle-crecy.com\/index.php?rest_route=%2Fwp%2Fv2%2Fcomments&post=855"}],"version-history":[{"count":0,"href":"http:\/\/www.chapelle-crecy.com\/index.php?rest_route=\/wp\/v2\/posts\/855\/revisions"}],"wp:attachment":[{"href":"http:\/\/www.chapelle-crecy.com\/index.php?rest_route=%2Fwp%2Fv2%2Fmedia&parent=855"}],"wp:term":[{"taxonomy":"category","embeddable":true,"href":"http:\/\/www.chapelle-crecy.com\/index.php?rest_route=%2Fwp%2Fv2%2Fcategories&post=855"},{"taxonomy":"post_tag","embeddable":true,"href":"http:\/\/www.chapelle-crecy.com\/index.php?rest_route=%2Fwp%2Fv2%2Ftags&post=855"}],"curies":[{"name":"wp","href":"https:\/\/api.w.org\/{rel}","templated":true}]}}