{"id":856,"date":"2015-05-18T13:35:54","date_gmt":"2015-05-18T13:35:54","guid":{"rendered":""},"modified":"-0001-11-30T00:00:00","modified_gmt":"-0001-11-29T22:00:00","slug":"","status":"publish","type":"post","link":"http:\/\/www.chapelle-crecy.com\/?p=856","title":{"rendered":"Veill\u00e9e de pri\u00e8re pour la vie 2015  le mardi 19 mai 2015 \u00e0\u00a0 19h30"},"content":{"rendered":"<div align=\"justify\">\nCette ann\u00e9e, les 8 \u00e9v\u00eaques d&rsquo;\u00e0\u017dle-de-France, dont Mgr Jean-Yves Nahmias convient tous les Franciliens \u00e0\u00a0 cette veill\u00e9e, autour des consacr\u00e9s de leur dioc\u00e8se, en la cath\u00e9drale Notre-Dame de Paris:<\/p>\n<div align=\"center\"><img decoding=\"async\" src=\"\/IMG\/jpg\/Veillee-Vie.jpg\" width=450><\/div>\n<p>en [image->https:\/\/www.youtube.com\/watch?v=SyF2j2gh8qM]\n<\/p><\/div>\n","protected":false},"excerpt":{"rendered":"<p>Cette ann\u00e9e, les 8 \u00e9v\u00eaques d&rsquo;\u00e0\u017dle-de-France, dont Mgr Jean-Yves Nahmias convient tous les Franciliens \u00e0\u00a0 cette veill\u00e9e, autour des consacr\u00e9s de leur dioc\u00e8se, en la cath\u00e9drale Notre-Dame de Paris: en [image->https:\/\/www.youtube.com\/watch?v=SyF2j2gh8qM]<\/p>\n","protected":false},"author":2,"featured_media":0,"comment_status":"open","ping_status":"open","sticky":false,"template":"","format":"standard","meta":{"footnotes":""},"categories":[],"tags":[],"class_list":["post-856","post","type-post","status-publish","format-standard","hentry"],"_links":{"self":[{"href":"http:\/\/www.chapelle-crecy.com\/index.php?rest_route=\/wp\/v2\/posts\/856","targetHints":{"allow":["GET"]}}],"collection":[{"href":"http:\/\/www.chapelle-crecy.com\/index.php?rest_route=\/wp\/v2\/posts"}],"about":[{"href":"http:\/\/www.chapelle-crecy.com\/index.php?rest_route=\/wp\/v2\/types\/post"}],"author":[{"embeddable":true,"href":"http:\/\/www.chapelle-crecy.com\/index.php?rest_route=\/wp\/v2\/users\/2"}],"replies":[{"embeddable":true,"href":"http:\/\/www.chapelle-crecy.com\/index.php?rest_route=%2Fwp%2Fv2%2Fcomments&post=856"}],"version-history":[{"count":0,"href":"http:\/\/www.chapelle-crecy.com\/index.php?rest_route=\/wp\/v2\/posts\/856\/revisions"}],"wp:attachment":[{"href":"http:\/\/www.chapelle-crecy.com\/index.php?rest_route=%2Fwp%2Fv2%2Fmedia&parent=856"}],"wp:term":[{"taxonomy":"category","embeddable":true,"href":"http:\/\/www.chapelle-crecy.com\/index.php?rest_route=%2Fwp%2Fv2%2Fcategories&post=856"},{"taxonomy":"post_tag","embeddable":true,"href":"http:\/\/www.chapelle-crecy.com\/index.php?rest_route=%2Fwp%2Fv2%2Ftags&post=856"}],"curies":[{"name":"wp","href":"https:\/\/api.w.org\/{rel}","templated":true}]}}