{"id":857,"date":"2015-05-17T10:06:00","date_gmt":"2015-05-17T10:06:00","guid":{"rendered":""},"modified":"-0001-11-30T00:00:00","modified_gmt":"-0001-11-29T22:00:00","slug":"","status":"publish","type":"post","link":"http:\/\/www.chapelle-crecy.com\/?p=857","title":{"rendered":"Annonces de la semaine du 18 au 25 mai 2015"},"content":{"rendered":"<table bgcolor =\"F0FAFF\" border=0>\n<tbody>\n<tr>\n<td>\n<div align=\"justify\">\n<div \"808\">Voici les annonces de la semaine du lundi 18 au dimanche 24 mai 2015 pour la paroisse des 3 clochers Cr\u00e9cy-la-Chapelle, Villiers-sur-Morin, Voulangis. <br \/>\nSamedi 23 \u00e0\u00a0 18 h 30, messe \u00e0\u00a0 Voulangis,<br \/>\nDimanche 24 \u00e0\u00a0 10 h 30, messe \u00e0\u00a0 la Coll\u00e9giale.<br \/>\nTous les d\u00e9tails dans la suite &#8230;<\/div>\n<\/div>\n<\/td>\n<\/tr>\n<\/tbody>\n<\/table>\n<table bgcolor =\"F0F6FF\" border=0>\n<tbody>\n<tr>\n<td width=\"25%\"><font color=\"00CC00\">Lundi 18 mai<\/font><\/td>\n<td><font color=\"00CC00\">17 h &#8211; Messe \u00e0 la Maison de Retraite.<\/font><\/td>\n<td><font color=\"00CC00\">20 h 30 &#8211; R\u00e9union de l&rsquo;Equipe s&rsquo;Animation Pastorale.<br \/>\n<\/font><\/td>\n<\/tr>\n<tr>\n<td width=\"25%\"><font color=\"0E0C40\">Mardi 19 mai<\/font><\/td>\n<td><font color=\"0E0C40\"><\/p>\n<div align=\"center\"><img decoding=\"async\" src=\"\/IMG\/jpg\/Collegiale8.jpg\" width=150><\/div>\n<p><\/font><\/td>\n<td><font color=\"0E0C40\">10 h  Obs\u00e8ques  \u00e0 la cath\u00e9drale de Meaux  du P\u00e8re Michel DUHAMEL qui a \u00e9t\u00e9 notre  dernier Cur\u00e9 r\u00e9sident.<\/font><\/td>\n<\/tr>\n<tr>\n<td width=\"25%\"><font color=\"0020FF\">Mercredi 20 mai<\/font><\/td>\n<td><font color=\"0020FF\">18 h &#8211; Messe \u00e0 Cr\u00e9cy pour Jeannine PERRICHON, Lucette BRASILLIER et Pascal DUBUS.<\/font><\/td>\n<td><font color=\"0020FF\"><img decoding=\"async\" src=\"\/IMG\/jpg\/Collegiale7.jpg\"  width=150><\/div>\n<p><\/font><\/td>\n<\/tr>\n<tr>\n<td width=\"25%\"><font color=\"0E0C40\">Jeudi 21 mai<\/font><\/td>\n<td><font color=\"0E0C40\"><img decoding=\"async\" src=\"\/IMG\/jpg\/Collegiale1.jpg\"  width=150><\/div>\n<p><\/font><\/td>\n<td><font color=\"0E0C40\">9 h  Messe \u00e0 Cr\u00e9cy pour Jean PANHARD,  Claudie SIMON et Christiane MEIGNANT.<font><\/td>\n<\/tr>\n<tr>\n<td width=\"25%\"><font color=\"00CC00\">Vendredi 22 mai<\/font><\/td>\n<td><font color=\"00CC00\">9 h &#8211; Messe \u00e0 Cr\u00e9cy pour Yvette VALLEE, Michel DEDIEU et  Jean MARTINAND.<\/font><\/td>\n<td><font color=\"00CC00\"><img decoding=\"async\" src=\"\/IMG\/\/jpg\/Collegiale3.jpg\"  width=150><\/div>\n<p><\/font><\/td>\n<\/tr>\n<tr>\n<td width=\"25%\"><font color=\"0020FF\">Samedi 23 mai<\/font><\/td>\n<td><font color=\"0020FF\"><\/p>\n<div align=\"center\">15 h &#8211; A la Coll\u00e9giale mariage.<\/div>\n<p><\/font><\/td>\n<td><font color=\"0020FF\">18 h 30 &#8211;  Messe \u00e0 Voulangis pour Maryvonne MATHONNET, Jean ROSIER et Chantal DUBOIS.<\/font><\/td>\n<\/tr>\n<tr>\n<td><font color=\"0E0C40\">Dimanche 24 mai<\/font><\/td>\n<td><font color=\"0E0C40\">10 h 30 &#8211; MESSE DE PENTECOTE \u00e0 la Coll\u00e9giale.<br \/>Nous prierons en particulier pour Pierre BOURGET, Fran\u00e7ois de LAUBRIERE et Michel KRYVENAK.<\/font><\/td>\n<td><font color=\"0E0C40\"><\/p>\n<div align=\"center\"><img decoding=\"async\" src=\"\/IMG\/lieux\/collegiale3.jpg\"  width=150><\/div>\n<p><\/font><\/td>\n<\/tr>\n<\/tbody>\n<\/table>\n<p>A la  fin des messes de ces samedi 23 et dimanche 24 : qu\u00eate sp\u00e9ciale pour la Presse Chr\u00e9tienne<\/p>\n","protected":false},"excerpt":{"rendered":"<p>Voici les annonces de la semaine du lundi 18 au dimanche 24 mai 2015 pour la paroisse des 3 clochers Cr\u00e9cy-la-Chapelle, Villiers-sur-Morin, Voulangis. Samedi 23 \u00e0\u00a0 18 h 30, messe \u00e0\u00a0 Voulangis, Dimanche 24&#46;&#46;&#46;<\/p>\n","protected":false},"author":2,"featured_media":0,"comment_status":"open","ping_status":"open","sticky":false,"template":"","format":"standard","meta":{"footnotes":""},"categories":[],"tags":[],"class_list":["post-857","post","type-post","status-publish","format-standard","hentry"],"_links":{"self":[{"href":"http:\/\/www.chapelle-crecy.com\/index.php?rest_route=\/wp\/v2\/posts\/857","targetHints":{"allow":["GET"]}}],"collection":[{"href":"http:\/\/www.chapelle-crecy.com\/index.php?rest_route=\/wp\/v2\/posts"}],"about":[{"href":"http:\/\/www.chapelle-crecy.com\/index.php?rest_route=\/wp\/v2\/types\/post"}],"author":[{"embeddable":true,"href":"http:\/\/www.chapelle-crecy.com\/index.php?rest_route=\/wp\/v2\/users\/2"}],"replies":[{"embeddable":true,"href":"http:\/\/www.chapelle-crecy.com\/index.php?rest_route=%2Fwp%2Fv2%2Fcomments&post=857"}],"version-history":[{"count":0,"href":"http:\/\/www.chapelle-crecy.com\/index.php?rest_route=\/wp\/v2\/posts\/857\/revisions"}],"wp:attachment":[{"href":"http:\/\/www.chapelle-crecy.com\/index.php?rest_route=%2Fwp%2Fv2%2Fmedia&parent=857"}],"wp:term":[{"taxonomy":"category","embeddable":true,"href":"http:\/\/www.chapelle-crecy.com\/index.php?rest_route=%2Fwp%2Fv2%2Fcategories&post=857"},{"taxonomy":"post_tag","embeddable":true,"href":"http:\/\/www.chapelle-crecy.com\/index.php?rest_route=%2Fwp%2Fv2%2Ftags&post=857"}],"curies":[{"name":"wp","href":"https:\/\/api.w.org\/{rel}","templated":true}]}}