{"id":858,"date":"2015-05-22T00:01:53","date_gmt":"2015-05-22T00:01:53","guid":{"rendered":""},"modified":"-0001-11-30T00:00:00","modified_gmt":"-0001-11-29T22:00:00","slug":"","status":"publish","type":"post","link":"http:\/\/www.chapelle-crecy.com\/?p=858","title":{"rendered":"Venez tous \u00e0\u00a0 la f\u00eate des peuples  le dimanche 24 mai au lyc\u00e9e Bossuet \u00e0\u00a0 Meaux  \u00e0\u00a0 partir de 9h30"},"content":{"rendered":"<div align=\"justify\">Cette f\u00eate de la rencontre des diff\u00e9rentes cultures qui<br \/>\nse croisent dans notre dioc\u00e8se, s&rsquo;inscrit comme une balise dans la d\u00e9marche synodale: \u00ab\u00a0La sp\u00e9cificit\u00e9 accrue de notre dioc\u00e8se de Seine et<br \/>\nMarne est que des communaut\u00e9s aux multiples origines annoncent l&rsquo;\u00e9vangile \u00e0\u00a0 des communaut\u00e9s aux multiples origines &#8230;. C&rsquo;est notre chance pour t\u00e9moigner au monde de ce beau visage d&rsquo;un peuple fran\u00e7ais aux multiples origines et conditions sociales vivant dans un esprit de communion fraternelle. &#8230; Le \u00ab vivre ensemble \u00bb des communaut\u00e9s catholiques est beau ! \u00ab\u00a0, propos de Mgr Nahmias recueillis lors de la rencontre dioc\u00e9saine de la pastorale des migrants du 30 janvier \u00e0\u00a0 Melun. <\/p>\n<div align=\"center\"><img decoding=\"async\" src=\"\/IMG\/jpg\/fete-peuple2.jpg\" width=350><\/div>\n<p>Alors oui, nous comptons sur vous tous, assur\u00e9s du Souffle de l&rsquo;Esprit Saint, en ce jour de Pentec te, pour vivre un moment de communion riche de toutes nos diff\u00e9rences culturelles.<\/p><\/div>\n","protected":false},"excerpt":{"rendered":"<p>Cette f\u00eate de la rencontre des diff\u00e9rentes cultures qui se croisent dans notre dioc\u00e8se, s&rsquo;inscrit comme une balise dans la d\u00e9marche synodale: \u00ab\u00a0La sp\u00e9cificit\u00e9 accrue de notre dioc\u00e8se de Seine et Marne est que&#46;&#46;&#46;<\/p>\n","protected":false},"author":2,"featured_media":0,"comment_status":"open","ping_status":"open","sticky":false,"template":"","format":"standard","meta":{"footnotes":""},"categories":[],"tags":[],"class_list":["post-858","post","type-post","status-publish","format-standard","hentry"],"_links":{"self":[{"href":"http:\/\/www.chapelle-crecy.com\/index.php?rest_route=\/wp\/v2\/posts\/858","targetHints":{"allow":["GET"]}}],"collection":[{"href":"http:\/\/www.chapelle-crecy.com\/index.php?rest_route=\/wp\/v2\/posts"}],"about":[{"href":"http:\/\/www.chapelle-crecy.com\/index.php?rest_route=\/wp\/v2\/types\/post"}],"author":[{"embeddable":true,"href":"http:\/\/www.chapelle-crecy.com\/index.php?rest_route=\/wp\/v2\/users\/2"}],"replies":[{"embeddable":true,"href":"http:\/\/www.chapelle-crecy.com\/index.php?rest_route=%2Fwp%2Fv2%2Fcomments&post=858"}],"version-history":[{"count":0,"href":"http:\/\/www.chapelle-crecy.com\/index.php?rest_route=\/wp\/v2\/posts\/858\/revisions"}],"wp:attachment":[{"href":"http:\/\/www.chapelle-crecy.com\/index.php?rest_route=%2Fwp%2Fv2%2Fmedia&parent=858"}],"wp:term":[{"taxonomy":"category","embeddable":true,"href":"http:\/\/www.chapelle-crecy.com\/index.php?rest_route=%2Fwp%2Fv2%2Fcategories&post=858"},{"taxonomy":"post_tag","embeddable":true,"href":"http:\/\/www.chapelle-crecy.com\/index.php?rest_route=%2Fwp%2Fv2%2Ftags&post=858"}],"curies":[{"name":"wp","href":"https:\/\/api.w.org\/{rel}","templated":true}]}}