{"id":859,"date":"2015-05-19T06:57:26","date_gmt":"2015-05-19T06:57:26","guid":{"rendered":""},"modified":"-0001-11-30T00:00:00","modified_gmt":"-0001-11-29T22:00:00","slug":"","status":"publish","type":"post","link":"http:\/\/www.chapelle-crecy.com\/?p=859","title":{"rendered":"Notre cher P\u00e8re Michel Duhamel a rejoint la maison de Dieu le P\u00e8re"},"content":{"rendered":"<div align=\"justify\">Le 12 mai, quelques jours avant l&rsquo;Ascension, dans la Maison des Augustines \u00e0\u00a0 Meaux o\u00f9 il r\u00e9sidait, notre ami qui fut pr\u00eatre \u00e0\u00a0 Cr\u00e9cy-la-Chapelle de 1994 \u00e0\u00a0 2003, s&rsquo;est endormi pour l&rsquo;\u00e9ternit\u00e9. C&rsquo;est \u00e0\u00a0 l&rsquo; ge de 27 ans qu&rsquo;il est ordonn\u00e9 pr\u00eatre. Apr\u00e8s diverses missions: pr\u00eatre de paroisse \u00e0\u00a0 Melun, enseignant au s\u00e9minaire des \u00ab\u00a0Vocations d&rsquo;Ain\u00e9s\u00a0\u00bb \u00e0\u00a0 Saint Jean-les-deux-Jumeaux, Vicaire g\u00e9n\u00e9ral \u00e0\u00a0 Meaux, cur\u00e9 de Fontaineblau, le P\u00e8re Duhamel s&rsquo;installera dans la Venise Briarde jusqu&rsquo;\u00e0\u00a0 ce que sonne l&rsquo; ge de sa retraite \u00e0\u00a0 75 ans, en 2003.<br \/>\nIl a marqu\u00e9 de nombreuses personnes que ce soit par ses connaissances (licences de lettres classiques), que ce soit par son sens de l&rsquo;accueil (400 polonais dans le secteur lors des JMJ 1997), par son charisme et sa foi chevill\u00e9e au corps.<br \/>\nNous vous proposons dans la suite de cet article le t\u00e9moignage \u00e9mouvant de Jean-Pierre Pillon qui a \u00e9t\u00e9 chef des SUF (Scout Unitaire de France) \u00e0\u00a0 Cr\u00e9cy et dont le P\u00e8re Duhamel \u00e9tait l&rsquo;aum nier. L&rsquo;article se termine par un commentaire du P\u00e8re Duhamel lui-m\u00eame de la signification de [la pri\u00e8re scoute->https:\/\/youtu.be\/ZMQdUZl5Fqw].<br \/>\nEnfin, pour r\u00e9-entendre sa voix si chaleureuse, revisionnez l&rsquo;article du 3 avril dernier, sur ce m\u00eame site intitul\u00e9 \u00ab\u00a0[Vendredi Saint, la Passion de J\u00e9sus-Christ \u00e0\u00a0 Cr\u00e9cy-la-Chapelle\u00a0\u00bb->http:\/\/www.chapelle-crecy.com\/spip.php?article790] dans lequel il anime la Passion du Christ qu&rsquo;il avait lui-m\u00eame adapt\u00e9 en 1997 \u00e0\u00a0 l&rsquo;occasion des JMJ de Paris.<br \/>\nMerci pour tout, P\u00e8re Duhamel. Soyez assur\u00e9s de notre pri\u00e8re.<\/div>\n<div align=\"justify\">\n Cher P\u00e8re,<\/p>\n<p> C&rsquo;est avec une tr\u00e8s grande tristesse que je viens d&rsquo;apprendre ton d\u00e9part pour l&rsquo;au-del\u00e0\u00e2\u20ac\u00a6 Bien sur, un homme comme toi ne peut qu&rsquo;aller au paradis o\u00f9 tu trouveras le bonheur \u00e9ternel\u00e2\u20ac\u00a6 et le temps d&rsquo;\u00e9crire tous tes livres !<\/p>\n<div align=\"center\"><img decoding=\"async\" src=\"\/IMG\/jpg\/Duha4.jpg\" width=450><\/div>\n<p> Mais nous pauvres mortels, ne verront plus ce sourire dont tu ne t&rsquo;es jamais d\u00e9parti, m\u00eame en fin de vie. Nous ne trouverons plus non plus ta gentillesse, ton \u00e9coute, ton sens du dialogue, ton \u00e9rudition doubl\u00e9e de modestie, ta soif de rendre les gens heureux, ton go\u00fbt de communiquer ton bonheur dans la Foi\u00e2\u20ac\u00a6<\/p>\n<p> Plus personnellement, je garde un souvenir \u00e9mu du temps ou tu fus notre aum\u00f4nier quand j&rsquo;avais recr\u00e9\u00e9 un groupe \u00e0 CRECY. Toujours tu nous as soutenus, aid\u00e9s et surtout tu participais avec les jeunes \u00e0 ce moment tr\u00e8s fort du camp d&rsquo;\u00e9t\u00e9.<\/p>\n<div align=\"center\"><img decoding=\"async\" src=\"\/IMG\/jpg\/Duha3.jpg\" width=450><\/div>\n<p> Tu les aidais lors de leur veill\u00e9e de Promesse et les b\u00e9nissais lors de la prononciation de celle-ci. Tu y vivais avec eux, et nous gardons tous un souvenir tr\u00e8s \u00e9mouvant de ces belles messes en pleine nature, au plus pr\u00e8s de Dieu, ou tu savais te mettre au niveau des scouts pour leur expliquer la Parole\u00e2\u20ac\u00a6<\/p>\n<div align=\"center\"><img decoding=\"async\" src=\"\/IMG\/jpg\/Duha2.jpg\" width=450><\/div>\n<p> Cher P\u00e8re, tu n&rsquo;es plus l\u00e0 mais ton souvenir ne nous quittera pas. Nous parlerons encore avec toi dans nos pri\u00e8res et ton sourire nous aidera \u00e0 vaincre les parfois durs moments de la vie terrestre\u00e2\u20ac\u00a6<\/p>\n<p> A Dieu\u00e2\u20ac\u00a6<\/p>\n<div align=\"center\"><img decoding=\"async\" src=\"\/IMG\/jpg\/Duha5.jpg\" width=250><\/div>\n<p> Jean-Pierre Pillon, chef scout<\/p>\n<p> Nous vous proposons, ci-apr\u00e8s, les explications pertinentes que le P\u00e8re Michel Duhamel donnait lui-m\u00eame aux jeunes, au sujet de la [pri\u00e8re scoute->https:\/\/youtu.be\/ZMQdUZl5Fqw], pri\u00e8re qu&rsquo;il a si souvent chant\u00e9e avec les scouts qu&rsquo;il accompagnait:<\/p>\n<p> La pri\u00e8re scoute<\/p>\n<div align=\"center\"><img decoding=\"async\" src=\"\/IMG\/jpg\/Duha-scouts.jpg\" width=450><\/div>\n<p> Une pi\u00e8ce ma \u00eetresse du scoutisme catholique<br \/>\n Baden-Powell en fondant le scoutisme a vis\u00e9 \u00e0 \u00e9duquer le jeune tout entier, corps, esprit et \u00e2me. Pour cela, il lui a fix\u00e9 5 buts : la formation de la sant\u00e9, du caract\u00e8re, de l&rsquo;esprit de service, de l&rsquo;habilet\u00e9 technique, et du sens de Dieu. La dimension spirituelle faisant partie int\u00e9grante de sa vis\u00e9e p\u00e9dagogique. Sans pr\u00e9ciser religion ou confession, il s&rsquo;est r\u00e9f\u00e9r\u00e9 explicitement \u00e0 la religion chr\u00e9tienne et a souhait\u00e9 que celle-ci soit comme le fondement du scoutisme. Tout naturellement, quand le chanoine Cornette et le P\u00e8re Sevin ont adopt\u00e9 le scoutisme aux jeunes catholiques fran\u00e7ais, ils sont entr\u00e9s dans ces perspectives, et ont developp\u00e9 de nombreux aspects de l&rsquo;\u00e9ducation chr\u00e9tienne. Parmi ceux-ci, ils ont eu l&rsquo;id\u00e9e d&rsquo;int\u00e9grer au scoutisme catholique une pri\u00e8re de Saint Ignace de loyola, dont on a vite oubli\u00e9 l&rsquo;origine et qu&rsquo;on a appel\u00e9e la \u00e2\u20ac\u02dcpri\u00e8re scoute&rsquo;. Elle convient \u00e0 merveille au scoutisme.<\/p>\n<p>  La pri\u00e8re d&rsquo;un converti<br \/>\n  Saint Ignace de Loyola est un basque, un brillant gentilhomme basque du XVI\u00e8me si\u00e8cle. En 1521, gri\u00e8vement bless\u00e9 par un boulet de canon au cours du si\u00e8ge de Pampelune, au terme d&rsquo;une longue et douloureuse convalescence, il s&rsquo;est converti. Il a renonc\u00e9 aux actions h\u00e9ro\u00efques au service du Vice-Roi de Navarre son ma \u00eetre, et il a reconverti sa formidable \u00e9nergie au service de J\u00e9sus-Christ qu&rsquo;il veut servir avec encore plus d&rsquo;ardeur. Cependant, il ne se fait pas d&rsquo;illusions sur ses capacit\u00e9s de r\u00e9aliser par lui-m\u00eame cet id\u00e9al. C&rsquo;est pourquoi il se tourne vers J\u00e9sus-Christ et lui adresse cette fameuse \u00e2\u20ac\u02dcpri\u00e8re scoute&rsquo;.<\/p>\n<p>  Seigneur J\u00e9sus, apprends-moi \u00e0 \u00eatre g\u00e9n\u00e9reux<br \/>\n  La premi\u00e8re gr\u00e2ce qu&rsquo;il demande \u00e0 son nouveau ma \u00eetre, c&rsquo;est la g\u00e9n\u00e9rosit\u00e9. \u00ab Seigneur J\u00e9sus, apprenez-moi \u00e0 \u00eatre g\u00e9n\u00e9reux \u00bb. La deuxi\u00e8me : \u00ab \u00e0 vous comme vous le m\u00e9ritez \u00bb, comme il le faut, exactement, avec la comp\u00e9tence qu&rsquo;exige et m\u00e9rite un tel ma \u00eetre. Mais \u00ab g\u00e9n\u00e9rosit\u00e9 \u00bb n&rsquo;en dit pas encore assez pour lui. Alors il pr\u00e9cise : \u00bbApprenez-moi \u00e0 donner sans compter \u00bb. Mais quand on prend ce chemin-l\u00e0, on risque d&rsquo;y recevoir des mauvais coups. Ignace de Loyola sait ce que sont lers blessures, et que la peur des blessures peut vous paralyser. Alors, il ajoute : \u00ab Seigneur J\u00e9sus, apprends-moi \u00e0 combattre sans souci des blessures. \u00bb Il sait aussi qu&rsquo;on a bien envie de se reposer quand on a beaucoup travaill\u00e9, et qu&rsquo;on risque de ne plus avoir envie de rien faire. Alors, il insiste encore : \u00ab Seigneur J\u00e9sus, apprenez-moi \u00e0 travailler sans chercher de repos, et \u00e0 me d\u00e9penser sans attendre d&rsquo;autres r\u00e9compense que celle de savoir que je fais votre sainte Volont\u00e9. \u00bb<\/p>\n<p> Si tous les scouts la disaient chaque jour \u00e2\u20ac\u00a6<br \/>\n On le voit la pri\u00e8re de Saint Ignace va comme un gant au scoutisme. Tout y est : la g\u00e9n\u00e9rosit\u00e9, le service, l&rsquo;ardeur illimit\u00e9e, le courage au milieu des \u00e9preuves. On pourrait objecter que c&rsquo;est un appel \u00e0 l&rsquo;h\u00e9ro\u00efsme plut\u00f4t qu&rsquo;\u00e0 la saintet\u00e9. Non ! Car cette conduite ardente, on ne l&rsquo;attend pas de ses propres forces. On la demande humblement au Christ, au Seigneur J\u00e9sus, sans lequel on ne peut rien. Enfin, on ne la r\u00e9alise pas pour sa propre gloire, mais pour sa gloire \u00e0 Lui, pour faire \u00ab sa volont\u00e9 \u00bb.  <\/p>\n<p> Michel Duhamel<\/p>\n<\/div>\n","protected":false},"excerpt":{"rendered":"<p>Le 12 mai, quelques jours avant l&rsquo;Ascension, dans la Maison des Augustines \u00e0\u00a0 Meaux o\u00f9 il r\u00e9sidait, notre ami qui fut pr\u00eatre \u00e0\u00a0 Cr\u00e9cy-la-Chapelle de 1994 \u00e0\u00a0 2003, s&rsquo;est endormi pour l&rsquo;\u00e9ternit\u00e9. C&rsquo;est \u00e0\u00a0&#46;&#46;&#46;<\/p>\n","protected":false},"author":2,"featured_media":0,"comment_status":"open","ping_status":"open","sticky":false,"template":"","format":"standard","meta":{"footnotes":""},"categories":[],"tags":[],"class_list":["post-859","post","type-post","status-publish","format-standard","hentry"],"_links":{"self":[{"href":"http:\/\/www.chapelle-crecy.com\/index.php?rest_route=\/wp\/v2\/posts\/859","targetHints":{"allow":["GET"]}}],"collection":[{"href":"http:\/\/www.chapelle-crecy.com\/index.php?rest_route=\/wp\/v2\/posts"}],"about":[{"href":"http:\/\/www.chapelle-crecy.com\/index.php?rest_route=\/wp\/v2\/types\/post"}],"author":[{"embeddable":true,"href":"http:\/\/www.chapelle-crecy.com\/index.php?rest_route=\/wp\/v2\/users\/2"}],"replies":[{"embeddable":true,"href":"http:\/\/www.chapelle-crecy.com\/index.php?rest_route=%2Fwp%2Fv2%2Fcomments&post=859"}],"version-history":[{"count":0,"href":"http:\/\/www.chapelle-crecy.com\/index.php?rest_route=\/wp\/v2\/posts\/859\/revisions"}],"wp:attachment":[{"href":"http:\/\/www.chapelle-crecy.com\/index.php?rest_route=%2Fwp%2Fv2%2Fmedia&parent=859"}],"wp:term":[{"taxonomy":"category","embeddable":true,"href":"http:\/\/www.chapelle-crecy.com\/index.php?rest_route=%2Fwp%2Fv2%2Fcategories&post=859"},{"taxonomy":"post_tag","embeddable":true,"href":"http:\/\/www.chapelle-crecy.com\/index.php?rest_route=%2Fwp%2Fv2%2Ftags&post=859"}],"curies":[{"name":"wp","href":"https:\/\/api.w.org\/{rel}","templated":true}]}}