{"id":860,"date":"2015-05-24T10:40:00","date_gmt":"2015-05-24T10:40:00","guid":{"rendered":""},"modified":"-0001-11-30T00:00:00","modified_gmt":"-0001-11-29T22:00:00","slug":"","status":"publish","type":"post","link":"http:\/\/www.chapelle-crecy.com\/?p=860","title":{"rendered":"Annonces de la semaine du 25 au 31 mai 2015"},"content":{"rendered":"<table bgcolor =\"F0FAFF\" border=0>\n<tbody>\n<tr>\n<td>\n<div align=\"justify\">\n<div \"811\">Voici les annonces de la semaine du lundi 25 au dimanche 31 mai 2015 pour la paroisse des 3 clochers Cr\u00e9cy-la-Chapelle, Villiers-sur-Morin, Voulangis. <br \/>\nSamedi 30 \u00e0\u00a0 18 h 30, messe \u00e0\u00a0 Voulangis,<br \/>\nDimanche 31 \u00e0\u00a0 10 h 30, messe \u00e0\u00a0 la Coll\u00e9giale.<br \/>\nTous les d\u00e9tails dans la suite &#8230;<\/div>\n<\/div>\n<\/td>\n<\/tr>\n<\/tbody>\n<\/table>\n<table bgcolor =\"F0F6FF\" border=0>\n<tbody>\n<tr>\n<td width=\"25%\"><font color=\"00CC00\">Lundi 25 mai<\/font><\/td>\n<td><font color=\"00CC00\"><\/p>\n<div align=\"center\"><img decoding=\"async\" src=\"\/IMG\/jpg\/MR_Crecy_2.jpg\"  width=150><\/div>\n<p><\/font><\/td>\n<td><font color=\"00CC00\">17 h &#8211; C\u00e9l\u00e9bration \u00e0 la Maison de Retraite.<\/font><\/td>\n<\/tr>\n<tr>\n<td width=\"25%\"><font color=\"0020FF\">Mercredi 27 mai<\/font><\/td>\n<td><font color=\"0020FF\">18 h &#8211; Messe \u00e0 Cr\u00e9cy pour Claudine GROSJEAN et Jaques  PLOMTEUX.<\/font><\/td>\n<td><font color=\"0020FF\"><img decoding=\"async\" src=\"\/IMG\/lieux\/almeria01.jpg\"  width=150><\/div>\n<p><\/font><\/td>\n<\/tr>\n<tr>\n<td width=\"25%\"><font color=\"0E0C40\">Jeudi 28 mai<\/font><\/td>\n<td><font color=\"0E0C40\"><img decoding=\"async\" src=\"\/IMG\/lieux\/almeria02.jpg\"  width=150><\/div>\n<p><\/font><\/td>\n<td><font color=\"0E0C40\">18 h  Messe \u00e0 Cr\u00e9cy pour Paule THOMAS, Lucien CURCURU et Olivier LICHTY<font><\/td>\n<\/tr>\n<tr>\n<td width=\"25%\"><font color=\"00CC00\">Vendredi 29 mai<\/font><\/td>\n<td><font color=\"00CC00\">9 h -Messe \u00e0 Cr\u00e9cy pour  la famille THION-MUNIER, ainsi que pour Mich\u00e8le HAESE et William DESJARDINS.<\/font><\/td>\n<td><font color=\"00CC00\"><img decoding=\"async\" src=\"\/IMG\/\/lieux\/almeria03.jpg\"  width=150><\/div>\n<p><\/font><\/td>\n<\/tr>\n<tr>\n<td width=\"25%\"><font color=\"0020FF\">Samedi 30 mai<\/font><\/td>\n<td><font color=\"0020FF\">18 h 30 &#8211;  Messe \u00e0 Voulangis pour Joseph et Ad\u00e8le COTE, et pour Alexandre et  Antoinette GRIFFON<\/font><\/td>\n<td><font color=\"0020FF\">20 h &#8211; Veill\u00e9e de Profession de Foi \u00e0 Voulangis.<\/font><\/td>\n<\/tr>\n<tr>\n<td><font color=\"0E0C40\">Dimanche 31 mai<\/font><\/td>\n<td><font color=\"0E0C40\">10 h 30 &#8211; Solennit\u00e9 de la SAINTE TRINITE<br \/> MESSE DE PROFESSION DE FOI \u00e0 la Coll\u00e9giale avec une intention pour R\u00e9gine MEUNIER.<\/font><\/td>\n<td><font color=\"0E0C40\"><\/p>\n<div align=\"center\"><img decoding=\"async\" src=\"\/IMG\/lieux\/collegiale2.jpg\"  width=150><\/div>\n<p><\/font><\/td>\n<\/tr>\n<\/tbody>\n<\/table>\n","protected":false},"excerpt":{"rendered":"<p>Voici les annonces de la semaine du lundi 25 au dimanche 31 mai 2015 pour la paroisse des 3 clochers Cr\u00e9cy-la-Chapelle, Villiers-sur-Morin, Voulangis. Samedi 30 \u00e0\u00a0 18 h 30, messe \u00e0\u00a0 Voulangis, Dimanche 31&#46;&#46;&#46;<\/p>\n","protected":false},"author":2,"featured_media":0,"comment_status":"open","ping_status":"open","sticky":false,"template":"","format":"standard","meta":{"footnotes":""},"categories":[],"tags":[],"class_list":["post-860","post","type-post","status-publish","format-standard","hentry"],"_links":{"self":[{"href":"http:\/\/www.chapelle-crecy.com\/index.php?rest_route=\/wp\/v2\/posts\/860","targetHints":{"allow":["GET"]}}],"collection":[{"href":"http:\/\/www.chapelle-crecy.com\/index.php?rest_route=\/wp\/v2\/posts"}],"about":[{"href":"http:\/\/www.chapelle-crecy.com\/index.php?rest_route=\/wp\/v2\/types\/post"}],"author":[{"embeddable":true,"href":"http:\/\/www.chapelle-crecy.com\/index.php?rest_route=\/wp\/v2\/users\/2"}],"replies":[{"embeddable":true,"href":"http:\/\/www.chapelle-crecy.com\/index.php?rest_route=%2Fwp%2Fv2%2Fcomments&post=860"}],"version-history":[{"count":0,"href":"http:\/\/www.chapelle-crecy.com\/index.php?rest_route=\/wp\/v2\/posts\/860\/revisions"}],"wp:attachment":[{"href":"http:\/\/www.chapelle-crecy.com\/index.php?rest_route=%2Fwp%2Fv2%2Fmedia&parent=860"}],"wp:term":[{"taxonomy":"category","embeddable":true,"href":"http:\/\/www.chapelle-crecy.com\/index.php?rest_route=%2Fwp%2Fv2%2Fcategories&post=860"},{"taxonomy":"post_tag","embeddable":true,"href":"http:\/\/www.chapelle-crecy.com\/index.php?rest_route=%2Fwp%2Fv2%2Ftags&post=860"}],"curies":[{"name":"wp","href":"https:\/\/api.w.org\/{rel}","templated":true}]}}