{"id":861,"date":"2015-05-29T23:53:00","date_gmt":"2015-05-29T23:53:00","guid":{"rendered":""},"modified":"-0001-11-30T00:00:00","modified_gmt":"-0001-11-29T22:00:00","slug":"","status":"publish","type":"post","link":"http:\/\/www.chapelle-crecy.com\/?p=861","title":{"rendered":"Festival th\u00e9atre de l&rsquo;Entr&rsquo;aide \u00e0\u00a0 Couilly du 10 au 14 juin 2015"},"content":{"rendered":"<div align=\"justify\">\nL&rsquo;association \u00ab l&rsquo;Entr&rsquo;aide \u00bb de Couilly Pont-Aux-Dames invite aux spectacles de fin d&rsquo;ann\u00e9e de ses ateliers de th\u00e9 tre (jeunes et adultes) :<br \/>\n&#8211; Les mercredi 10 juin \u00e0\u00a0 20 h,<br \/>\n&#8211; Vendredi 12 juin \u00e0\u00a0 20 h 30,<br \/>\n&#8211; Samedi 13 juin \u00e0\u00a0 16 h et 20 h 30,<br \/>\n&#8211; Dimanche 14 juin \u00e0\u00a0 14 h, 15 h 30 et 17 h<\/p>\n<p>\u00e0\u00a0 la salle polyvalente Eug\u00e8ne Vallin de Couilly.<\/p>\n<p>Les textes et la mise en sc\u00e8ne sont de &#8230;.. Laetitia Flosi, professeur!<br \/>\nLes costumes sont de &#8230;<br \/>\nL&rsquo;humour, l&rsquo;\u00e9motion et la po\u00e9sie seront au rendez-vous: c&rsquo;est le moment pour vous de d\u00e9couvrir les ateliers remarquables de th\u00e9 tre de l&rsquo;Entr&rsquo;aide et de se pr\u00e9inscrire pour l&rsquo;ann\u00e9e 2015-16.<\/p>\n<p>L&rsquo;Entr&rsquo;aide est une association \u00e0\u00a0 vocation \u00e9ducative et caritative cr\u00e9\u00e9e en 1928.<\/p>\n<p>Contact : 06 76 05 41 67<\/p>\n<p>Demandez le programme !<\/p><\/div>\n<div align=\"center\"><img decoding=\"async\" src=\"\/IMG\/jpg\/couilly-1.jpg\" width=300><\/div>\n<div align=\"center\"><img decoding=\"async\" src=\"\/IMG\/jpg\/couilly-3.jpg\" width=300><\/div>\n<div align=\"center\"><img decoding=\"async\" src=\"\/IMG\/jpg\/couilly-4.jpg\" width=300><\/div>\n","protected":false},"excerpt":{"rendered":"<p>L&rsquo;association \u00ab l&rsquo;Entr&rsquo;aide \u00bb de Couilly Pont-Aux-Dames invite aux spectacles de fin d&rsquo;ann\u00e9e de ses ateliers de th\u00e9 tre (jeunes et adultes) : &#8211; Les mercredi 10 juin \u00e0\u00a0 20 h, &#8211; Vendredi 12&#46;&#46;&#46;<\/p>\n","protected":false},"author":2,"featured_media":0,"comment_status":"open","ping_status":"open","sticky":false,"template":"","format":"standard","meta":{"footnotes":""},"categories":[],"tags":[],"class_list":["post-861","post","type-post","status-publish","format-standard","hentry"],"_links":{"self":[{"href":"http:\/\/www.chapelle-crecy.com\/index.php?rest_route=\/wp\/v2\/posts\/861","targetHints":{"allow":["GET"]}}],"collection":[{"href":"http:\/\/www.chapelle-crecy.com\/index.php?rest_route=\/wp\/v2\/posts"}],"about":[{"href":"http:\/\/www.chapelle-crecy.com\/index.php?rest_route=\/wp\/v2\/types\/post"}],"author":[{"embeddable":true,"href":"http:\/\/www.chapelle-crecy.com\/index.php?rest_route=\/wp\/v2\/users\/2"}],"replies":[{"embeddable":true,"href":"http:\/\/www.chapelle-crecy.com\/index.php?rest_route=%2Fwp%2Fv2%2Fcomments&post=861"}],"version-history":[{"count":0,"href":"http:\/\/www.chapelle-crecy.com\/index.php?rest_route=\/wp\/v2\/posts\/861\/revisions"}],"wp:attachment":[{"href":"http:\/\/www.chapelle-crecy.com\/index.php?rest_route=%2Fwp%2Fv2%2Fmedia&parent=861"}],"wp:term":[{"taxonomy":"category","embeddable":true,"href":"http:\/\/www.chapelle-crecy.com\/index.php?rest_route=%2Fwp%2Fv2%2Fcategories&post=861"},{"taxonomy":"post_tag","embeddable":true,"href":"http:\/\/www.chapelle-crecy.com\/index.php?rest_route=%2Fwp%2Fv2%2Ftags&post=861"}],"curies":[{"name":"wp","href":"https:\/\/api.w.org\/{rel}","templated":true}]}}