{"id":865,"date":"2015-06-07T21:35:42","date_gmt":"2015-06-07T21:35:42","guid":{"rendered":""},"modified":"-0001-11-30T00:00:00","modified_gmt":"-0001-11-29T22:00:00","slug":"","status":"publish","type":"post","link":"http:\/\/www.chapelle-crecy.com\/?p=865","title":{"rendered":"Un concert sous le signe de la vari\u00e9t\u00e9  le samedi 13 juin \u00e0\u00a0 20h30 \u00e0\u00a0 la Coll\u00e9giale de Cr\u00e9cy"},"content":{"rendered":"<div align=\"justify\">Dans la tr\u00e8s belle Coll\u00e9giale de Cr\u00e9cy-la-Chapelle (Seine-et-Marne), l&rsquo;Ensemble [ANGUELOS->www.anguelos.fr] donnera un concert le samedi 13 juin 2015 \u00e0\u00a0 20h30, sous la direction de Val\u00e9ry AUBERTIN.<\/p>\n<div align=\"center\"><img decoding=\"async\" src=\"\/IMG\/jpg\/Aubertin1.jpg\" width=350><\/div>\n<p>La pianiste Catherine LEHNERT, et la violoniste Nathana\u00f6lle MARIE nous feront aussi la joie de nous pr\u00eater leur concours.<br \/>\nLe programme de ce concert proposera un aper\u00e7u de l&rsquo;immense richesse et diversit\u00e9, en genres, en \u00e9motions, en styles, que peut rev\u00eatir la     Dans la tr\u00e8s belle Coll\u00e9giale de Cr\u00e9cy-la-Chapelle (Seine-et-Marne), l&rsquo;Ensemble ANGUELOS donnera un concert le samedi 13 juin 2015 \u00e0\u00a0 20h30, sous la direction de Val\u00e9ry AUBERTIN. La pianiste Catherine LEHNERT, et la violoniste Nathana\u00f6lle MARIE nous feront aussi la joie de nous pr\u00eater leur concours&#8230;<\/p><\/div>\n<div align=\"justify\">\n Le public sera en effet invit\u00e9 \u00e0 une incursion \u00e0 grandes enjamb\u00e9es \u00e0 travers quatre si\u00e8cles de cette musique. Et comme les langues d&rsquo;un pays \u00e0 l&rsquo;autre, les langages musicaux changeront avec les \u00e9poques, parlant de la m\u00eame chose mais diff\u00e9remment : depuis la polyphonie ancienne (Gesualdo, Sch\u00c3\u00bctz), jusqu&rsquo;au romantise tardif (Bruckner), en passant par le baroque et le classicisme.<br \/>\n Les diff\u00e9rences de registres aussi nous feront voyager, \u00e0 travers la tr\u00e8s vaste gamme d&rsquo;\u00e9motions que les myst\u00e8res religieux ont inspir\u00e9 \u00e0 la musique : de la d\u00e9ploration (O vos omnes) \u00e0 l&rsquo;exultation (Magnificat), de la m\u00e9ditation (Christus factus est) \u00e0 la c\u00e9l\u00e9bration ordinaire (Kyrie).<br \/>\n Quelques r\u00e9cr\u00e9ations sont aussi pr\u00e9vues dans ce voyage, afin de reprendre son souffle : tout d&rsquo;abord du divertissement, gr\u00e2ce \u00e0 trois Fables de La Fontaine, mises en musique par Gounod et Lecocq.<br \/>\n Mais nous aurons aussi la chance d&rsquo;entendre la pianiste Catherine Lehnert et la violoniste Nathana\u00eblle Marie jouer des pi\u00e8ces de leurs r\u00e9pertoires.<br \/>\n En somme un concert sous le signe de la vari\u00e9t\u00e9, avec comme ambition commune de faire d\u00e9couvrir et go\u00fbter de tr\u00e8s belles oeuvres de tr\u00e8s grands compositeurs.<br \/>\n Venez nombreux !<\/p>\n<div align=\"center\"><img decoding=\"async\" src=\"\/IMG\/jpg\/Aubertin2.jpg\" width=450><\/div>\n<\/div>\n<p> Au programme :<br \/>\n Mozart (Sonate K.379 pour violon et piano  de Mozart, Kyrie pour choeur)<br \/>\n Bartok (Danses Roumaines pour violon et piano)<br \/>\n Gesualdo, Sch\u00c3\u00bctz (motets pour choeur) Durante (Magnificat pour choeur)<br \/>\n Gounod, Lecocq (Fables de la Fontaine pour choeur)<br \/>\netc.       <\/p>\n<p> Entr\u00e9e :  Tarif plein : 15 \u00e2\u201a\u00ac, Tarif r\u00e9duit : 13 \u00e2\u201a\u00ac (adh\u00e9rents, \u00e9tudiants)<br \/>\n Gratuit pour les moins de 15 ans, les personnes handicap\u00e9es et demandeurs d&#8217;emploi sur justificatif<br \/>\n Renseignements: [www.anguelos.fr->www.anguelos.fr],<br \/>\n adresse mail: anguelos@free.fr<br \/>\n T\u00e9l\u00e9phone: 01 60 04 11 89.<\/p>\n","protected":false},"excerpt":{"rendered":"<p>Dans la tr\u00e8s belle Coll\u00e9giale de Cr\u00e9cy-la-Chapelle (Seine-et-Marne), l&rsquo;Ensemble [ANGUELOS->www.anguelos.fr] donnera un concert le samedi 13 juin 2015 \u00e0\u00a0 20h30, sous la direction de Val\u00e9ry AUBERTIN. La pianiste Catherine LEHNERT, et la violoniste Nathana\u00f6lle&#46;&#46;&#46;<\/p>\n","protected":false},"author":2,"featured_media":0,"comment_status":"open","ping_status":"open","sticky":false,"template":"","format":"standard","meta":{"footnotes":""},"categories":[],"tags":[],"class_list":["post-865","post","type-post","status-publish","format-standard","hentry"],"_links":{"self":[{"href":"http:\/\/www.chapelle-crecy.com\/index.php?rest_route=\/wp\/v2\/posts\/865","targetHints":{"allow":["GET"]}}],"collection":[{"href":"http:\/\/www.chapelle-crecy.com\/index.php?rest_route=\/wp\/v2\/posts"}],"about":[{"href":"http:\/\/www.chapelle-crecy.com\/index.php?rest_route=\/wp\/v2\/types\/post"}],"author":[{"embeddable":true,"href":"http:\/\/www.chapelle-crecy.com\/index.php?rest_route=\/wp\/v2\/users\/2"}],"replies":[{"embeddable":true,"href":"http:\/\/www.chapelle-crecy.com\/index.php?rest_route=%2Fwp%2Fv2%2Fcomments&post=865"}],"version-history":[{"count":0,"href":"http:\/\/www.chapelle-crecy.com\/index.php?rest_route=\/wp\/v2\/posts\/865\/revisions"}],"wp:attachment":[{"href":"http:\/\/www.chapelle-crecy.com\/index.php?rest_route=%2Fwp%2Fv2%2Fmedia&parent=865"}],"wp:term":[{"taxonomy":"category","embeddable":true,"href":"http:\/\/www.chapelle-crecy.com\/index.php?rest_route=%2Fwp%2Fv2%2Fcategories&post=865"},{"taxonomy":"post_tag","embeddable":true,"href":"http:\/\/www.chapelle-crecy.com\/index.php?rest_route=%2Fwp%2Fv2%2Ftags&post=865"}],"curies":[{"name":"wp","href":"https:\/\/api.w.org\/{rel}","templated":true}]}}