{"id":867,"date":"2015-06-14T08:58:09","date_gmt":"2015-06-14T08:58:09","guid":{"rendered":""},"modified":"-0001-11-30T00:00:00","modified_gmt":"-0001-11-29T22:00:00","slug":"","status":"publish","type":"post","link":"http:\/\/www.chapelle-crecy.com\/?p=867","title":{"rendered":"En ce dimanche 14 juin m\u00e9ditons l&rsquo;Evangile de J\u00e9sus Christ selon saint Marc 4 26-34"},"content":{"rendered":"<div align=\"justify\">En ce temps-l\u00e0\u00a0, parlant \u00e0\u00a0 la foule, J\u00e9sus disait : \u00ab Il en est du r\u00e8gne de Dieu comme d&rsquo;un homme qui jette en terre la semence :<br \/>\nnuit et jour, qu&rsquo;il dorme ou qu&rsquo;il se l\u00e8ve, la semence germe et grandit, il ne sait comment.<br \/>\nD&rsquo;elle-m\u00eame, la terre produit d&rsquo;abord l&rsquo;herbe, puis l&rsquo;\u00e9pi, enfin du bl\u00e9 plein l&rsquo;\u00e9pi.<br \/>\nEt d\u00e8s que le bl\u00e9 est m\u00fbr, il y met la faucille, puisque le temps de la moisson est arriv\u00e9. \u00bb<br \/>\nIl disait encore : \u00ab \u00e0\u20ac quoi allons-nous comparer le r\u00e8gne de Dieu ? Par quelle parabole pouvons-nous le repr\u00e9senter ?<br \/>\nIl est comme une graine de moutarde : quand on la s\u00e8me en terre, elle est la plus petite de toutes les semences.<br \/>\nMais quand on l&rsquo;a sem\u00e9e, elle grandit et d\u00e9passe toutes les plantes potag\u00e8res ; et elle \u00e9tend de longues branches, si bien que les oiseaux du ciel peuvent faire leur nid \u00e0\u00a0 son ombre. \u00bb<br \/>\nPar de nombreuses paraboles semblables, J\u00e9sus leur annon\u00e7ait la Parole, dans la mesure o\u00f9 ils \u00e9taient capables de l&rsquo;entendre.<br \/>\nIl ne leur disait rien sans parabole, mais il expliquait tout \u00e0\u00a0 ses disciples en particulier. <\/div>\n<div align=\"justify\">\nInterpr\u00e9tation<\/p>\n<p> Selon Jean Chrysostome, dans son hom\u00e9lie 46 chapitre 2, la graine de moutarde est en fait l&rsquo;image des Evangiles, qui ont grandi et sont devenus une des paroles les plus r\u00e9pandues sur toute la terre. La minuscule graine de moutarde, c&rsquo;est aussi la foi de tout homme.\n<\/p><\/div>\n","protected":false},"excerpt":{"rendered":"<p>En ce temps-l\u00e0\u00a0, parlant \u00e0\u00a0 la foule, J\u00e9sus disait : \u00ab Il en est du r\u00e8gne de Dieu comme d&rsquo;un homme qui jette en terre la semence : nuit et jour, qu&rsquo;il dorme ou&#46;&#46;&#46;<\/p>\n","protected":false},"author":2,"featured_media":0,"comment_status":"open","ping_status":"open","sticky":false,"template":"","format":"standard","meta":{"footnotes":""},"categories":[],"tags":[],"class_list":["post-867","post","type-post","status-publish","format-standard","hentry"],"_links":{"self":[{"href":"http:\/\/www.chapelle-crecy.com\/index.php?rest_route=\/wp\/v2\/posts\/867","targetHints":{"allow":["GET"]}}],"collection":[{"href":"http:\/\/www.chapelle-crecy.com\/index.php?rest_route=\/wp\/v2\/posts"}],"about":[{"href":"http:\/\/www.chapelle-crecy.com\/index.php?rest_route=\/wp\/v2\/types\/post"}],"author":[{"embeddable":true,"href":"http:\/\/www.chapelle-crecy.com\/index.php?rest_route=\/wp\/v2\/users\/2"}],"replies":[{"embeddable":true,"href":"http:\/\/www.chapelle-crecy.com\/index.php?rest_route=%2Fwp%2Fv2%2Fcomments&post=867"}],"version-history":[{"count":0,"href":"http:\/\/www.chapelle-crecy.com\/index.php?rest_route=\/wp\/v2\/posts\/867\/revisions"}],"wp:attachment":[{"href":"http:\/\/www.chapelle-crecy.com\/index.php?rest_route=%2Fwp%2Fv2%2Fmedia&parent=867"}],"wp:term":[{"taxonomy":"category","embeddable":true,"href":"http:\/\/www.chapelle-crecy.com\/index.php?rest_route=%2Fwp%2Fv2%2Fcategories&post=867"},{"taxonomy":"post_tag","embeddable":true,"href":"http:\/\/www.chapelle-crecy.com\/index.php?rest_route=%2Fwp%2Fv2%2Ftags&post=867"}],"curies":[{"name":"wp","href":"https:\/\/api.w.org\/{rel}","templated":true}]}}