{"id":868,"date":"2015-06-16T18:24:00","date_gmt":"2015-06-16T18:24:00","guid":{"rendered":""},"modified":"-0001-11-30T00:00:00","modified_gmt":"-0001-11-29T22:00:00","slug":"","status":"publish","type":"post","link":"http:\/\/www.chapelle-crecy.com\/?p=868","title":{"rendered":"Retour en images sur la Profession de Foi 2015 \u00e0\u00a0 Cr\u00e9cy-la-Chapelle"},"content":{"rendered":"<div align=\"justify\">La profession de foi est une belle messe qui est propos\u00e9e tous les ans \u00e0\u00a0 la Coll\u00e9giale aux enfants du cat\u00e9, baptis\u00e9s quand ils \u00e9taient petits et qui ont fait leur premi\u00e8re communion. A 12 ans, ils sont capables de confesser leur foi, \u00e0\u00a0 haute voix, en pr\u00e9sence de leur camarades et de leurs familles. C&rsquo;est ce que le P\u00e8re Aim\u00e9 a invit\u00e9 \u00e0\u00a0 faire aux 10 communiants, ce dimanche 31 mai. Tour \u00e0\u00a0 tour, au micro, chaque enfant a renouvel\u00e9 les engagements de son bapt\u00eame pris \u00e0\u00a0 sa place par ses parents, parrain et marraine. Nous vous proposons de revivre en [photos->https:\/\/goo.gl\/photos\/DHDJGapjF8xqXU459 ] cette belle f\u00eate familiale qui tombait, cette ann\u00e9e, le jour de la f\u00eate des m\u00e8res&#8230;<\/div>\n<div align=\"justify\">\n[Visionnez l&rsquo;album-photo->https:\/\/goo.gl\/photos\/DHDJGapjF8xqXU459 ]\n<\/div>\n","protected":false},"excerpt":{"rendered":"<p>La profession de foi est une belle messe qui est propos\u00e9e tous les ans \u00e0\u00a0 la Coll\u00e9giale aux enfants du cat\u00e9, baptis\u00e9s quand ils \u00e9taient petits et qui ont fait leur premi\u00e8re communion. A&#46;&#46;&#46;<\/p>\n","protected":false},"author":2,"featured_media":0,"comment_status":"open","ping_status":"open","sticky":false,"template":"","format":"standard","meta":{"footnotes":""},"categories":[],"tags":[],"class_list":["post-868","post","type-post","status-publish","format-standard","hentry"],"_links":{"self":[{"href":"http:\/\/www.chapelle-crecy.com\/index.php?rest_route=\/wp\/v2\/posts\/868","targetHints":{"allow":["GET"]}}],"collection":[{"href":"http:\/\/www.chapelle-crecy.com\/index.php?rest_route=\/wp\/v2\/posts"}],"about":[{"href":"http:\/\/www.chapelle-crecy.com\/index.php?rest_route=\/wp\/v2\/types\/post"}],"author":[{"embeddable":true,"href":"http:\/\/www.chapelle-crecy.com\/index.php?rest_route=\/wp\/v2\/users\/2"}],"replies":[{"embeddable":true,"href":"http:\/\/www.chapelle-crecy.com\/index.php?rest_route=%2Fwp%2Fv2%2Fcomments&post=868"}],"version-history":[{"count":0,"href":"http:\/\/www.chapelle-crecy.com\/index.php?rest_route=\/wp\/v2\/posts\/868\/revisions"}],"wp:attachment":[{"href":"http:\/\/www.chapelle-crecy.com\/index.php?rest_route=%2Fwp%2Fv2%2Fmedia&parent=868"}],"wp:term":[{"taxonomy":"category","embeddable":true,"href":"http:\/\/www.chapelle-crecy.com\/index.php?rest_route=%2Fwp%2Fv2%2Fcategories&post=868"},{"taxonomy":"post_tag","embeddable":true,"href":"http:\/\/www.chapelle-crecy.com\/index.php?rest_route=%2Fwp%2Fv2%2Ftags&post=868"}],"curies":[{"name":"wp","href":"https:\/\/api.w.org\/{rel}","templated":true}]}}